{"id":174,"date":"2019-01-07T03:40:06","date_gmt":"2019-01-07T03:40:06","guid":{"rendered":"http:\/\/www.sehogarelsalvador.com\/blog\/?p=174"},"modified":"2019-01-07T03:40:06","modified_gmt":"2019-01-07T03:40:06","slug":"signos-y-sintomas-de-asma-en-ninos","status":"publish","type":"post","link":"https:\/\/www.sehogarelsalvador.com\/blog\/consejos-y-cuidados\/signos-y-sintomas-de-asma-en-ninos\/","title":{"rendered":"Signos y s\u00edntomas de asma en ni\u00f1os"},"content":{"rendered":"\n<figure class=\"wp-block-image is-resized\"><img loading=\"lazy\" decoding=\"async\" src=\"https:\/\/www.sehogarelsalvador.com\/blog\/wp-content\/uploads\/2019\/01\/asma-ni\u00f1os-sehogar.jpg\" alt=\"\" class=\"wp-image-175\" width=\"750\" height=\"425\" srcset=\"https:\/\/www.sehogarelsalvador.com\/blog\/wp-content\/uploads\/2019\/01\/asma-ni\u00f1os-sehogar.jpg 750w, https:\/\/www.sehogarelsalvador.com\/blog\/wp-content\/uploads\/2019\/01\/asma-ni\u00f1os-sehogar-300x170.jpg 300w\" sizes=\"auto, (max-width: 750px) 100vw, 750px\" \/><\/figure>\n\n\n\n<p>Cuando una persona se convierte en padre o madre siempre coincide \nen la misma afirmaci\u00f3n: la paternidad es lo mejor que les ha pasado en \nla vida. El ser padres, sin embargo, tambi\u00e9n conlleva tener grandes \nresponsabilidades y preocupaciones. Es el caso de los hijos cuando \nenferman, y por eso hoy quer\u00edamos hablar de los <strong>signos y los s\u00edntomas del asma en ni\u00f1os<\/strong>.<\/p>\n\n\n\n<p>\u00bfTu hijo ha estado mostrando signos que pueden ser asma, como  problemas para respirar y disminuci\u00f3n de la energ\u00eda?\u00a0C\u00f3mo podemos estar  seguros?<\/p>\n\n\n\n<h2 class=\"wp-block-heading\">S\u00edntomas del asma en ni\u00f1os<\/h2>\n\n\n\n<p>Los s\u00edntomas del asma pueden comenzar en cualquier momento en la vida\n de un ni\u00f1o pero, en el asma infantil, es probable que los s\u00edntomas \nempiecen a aparecer a los cinco a\u00f1os. Comprender el asma infantil puede \nayudar a aliviar nuestras preocupaciones sobre los problemas \nrespiratorios de nuestros hijos.<\/p>\n\n\n\n<p>Determinar los s\u00edntomas concretos del asma puede ser complicado y no \nsiempre es una ciencia exacta, ya que cada ni\u00f1o experimenta los s\u00edntomas\n de una manera diferente. No solo eso, sino que nuestros hijos pueden \ntener diferentes s\u00edntomas cada vez que tengan un episodio de asma. Si \nnuestro hijo es menor de 5 a\u00f1os,&nbsp;debemos saber que las pruebas para el \nasma pueden ser dif\u00edciles de completar. Dicho esto, os dejamos con los \ns\u00edntomas m\u00e1s comunes del asma infantil:<\/p>\n\n\n\n<ul class=\"wp-block-list\"><li>Una tos cr\u00f3nica o que no desaparece.<\/li><li>Sibilancias mientras se respira.<\/li><li>Tos que ocurre con frecuencia. Esta tos puede venir en cualquier \nmomento, pero tiende a ocurrir mientras nuestro hijo juega, se r\u00ede, \nllora o de noche.<\/li><li>Disminuci\u00f3n de la energ\u00eda&nbsp;mientras juegan nuestros hijos. Tambi\u00e9n pueden sentirse d\u00e9biles o cansados.<\/li><li>Cuello y m\u00fasculos del pecho apretados.<\/li><li>Respiraci\u00f3n trabajada o falta de aliento.<\/li><li>Respiraci\u00f3n r\u00e1pida.<\/li><li>Estrechez o dolor en el pecho.<\/li><\/ul>\n\n\n\n<h2 class=\"wp-block-heading\">Cu\u00e1ndo es necesario ir a ver a un&nbsp;m\u00e9dico<\/h2>\n\n\n\n<p>La salud de nuestros hijos es lo m\u00e1s importante, y es por esta raz\u00f3n  por la que debemos ir al m\u00e9dico si sospechamos que nuestros hijos tienen  asma despu\u00e9s de haber visto sus s\u00edntomas.<strong> El tratamiento temprano puede  ayudar a controlar los s\u00edntomas y ayudar a prevenir los ataques de  asma.<\/strong> Es recomendable llevar a nuestros hijos al m\u00e9dico en los  siguientes supuestos:<\/p>\n\n\n\n<ul class=\"wp-block-list\"><li>Si tiene dificultad para respirar o una respiraci\u00f3n r\u00e1pida.<\/li><li>Si ha tenido episodios repetidos de bronquitis o neumon\u00eda.<\/li><li>En el caso&nbsp;de tener tos constante, generalmente asociada con la actividad f\u00edsica.<\/li><li>Si tiene opresi\u00f3n en el pecho.<\/li><\/ul>\n\n\n\n<h2 class=\"wp-block-heading\">C\u00f3mo se diagnostica el asma infantil<\/h2>\n\n\n\n<p>A la hora de diagnosticar el asma es muy importante que hablemos con  el m\u00e9dico con todos los s\u00edntomas que tiene, de modo que se pueda revisar  junto con el historial m\u00e9dico del ni\u00f1o. <strong>El m\u00e9dico tambi\u00e9n escuchar\u00e1 el  coraz\u00f3n y los pulmones de\u00a0nuestro hijo, lo que ayudar\u00e1 a buscar signos  de alergias.<\/strong> Uno de los problemas con los que nos podemos encontrar, sin  embargo, es que en el momento de la visita con el m\u00e9dico hayan  desaparecido los s\u00edntomas del asma. \u00bfQu\u00e9 podemos hacer en ese caso?<\/p>\n\n\n\n<p>Es muy importante documentar todos los s\u00edntomas que hemos visto en  nuestros hijos, por eso es una buena decisi\u00f3n escribir todo lo que hemos  notado para poder cont\u00e1rselo al m\u00e9dico. <strong>Otra manera de ayudar a  encontrar un diagn\u00f3stico es grabando un v\u00eddeo mientras nuestro hijo  tiene esos problemas respiratorios en casa.<\/strong> El m\u00e9dico\u00a0tambi\u00e9n puede  recomendar pruebas para ayudar a diagnosticar el asma. Entre estas  pruebas puede haber radiograf\u00edas o una prueba de respiraci\u00f3n no invasiva  llamada espirometr\u00eda.<\/p>\n\n\n\n<h2 class=\"wp-block-heading\">C\u00f3mo se trata el asma en los ni\u00f1os<\/h2>\n\n\n\n<p>El tratamiento del asma de&nbsp;los ni\u00f1os suele tener&nbsp;un enfoque m\u00faltiple.\n Esto es, por un lado puede incluir los tratamientos m\u00e9dicos&nbsp;a los que \nhay que a\u00f1adir pautas o cambio de h\u00e1bitos para hacer que nuestros hijos \ntengan menos problemas respiratorios. Un ejemplo que podemos ver es \ncuando el m\u00e9dico nos aconseje ayudar&nbsp;a evitar los factores \ndesencadenantes del asma, incluyendo el humo de cualquier tipo. Tambi\u00e9n \nnos puede pedir que vigilemos de cerca los s\u00edntomas de asma de&nbsp;nuestro \nhijo todos los d\u00edas. En muchos casos, si estamos pendientes de los \ns\u00edntomas podremos controlarlos con la medicaci\u00f3n diaria para el asma, ya\n sea de forma oral o inhalada.<\/p>\n\n\n\n<p>Cada vez que vemos a nuestros hijos respirar con dificultad hay algo \ndentro de nosotros que se rompe, porque verlos sufrir es una muy mala \nexperiencia. Ante todo debemos de mantener la calma y no juzgarnos ni \nsentir verg\u00fcenza si buscamos ayuda profesional. El asma, bien tratada, \npuede hacer que nuestros hijos tengan una vida totalmente normal.&nbsp;Y si \nadem\u00e1s se diagnostica a tiempo, puede hacer que conforme crezcan y se \nhagan mayores esos s\u00edntomas se vean disminuidos.<\/p>\n","protected":false},"excerpt":{"rendered":"<p>Cuando una persona se convierte en padre o madre siempre coincide en la misma afirmaci\u00f3n: la paternidad es lo mejor que les ha pasado en la vida. El ser padres, sin embargo, tambi\u00e9n conlleva tener grandes responsabilidades y preocupaciones. Es el caso de los hijos cuando enferman, y por eso hoy quer\u00edamos hablar de los <a href=\"https:\/\/www.sehogarelsalvador.com\/blog\/consejos-y-cuidados\/signos-y-sintomas-de-asma-en-ninos\/\" rel=\"nofollow\"><span class=\"sr-only\">Leer m\u00e1sSignos y s\u00edntomas de asma en ni\u00f1os<\/span>[&hellip;]<\/a><\/p>\n","protected":false},"author":1,"featured_media":175,"comment_status":"open","ping_status":"open","sticky":false,"template":"","format":"standard","meta":{"footnotes":""},"categories":[14],"tags":[131,132,133,134],"class_list":["post-174","post","type-post","status-publish","format-standard","has-post-thumbnail","hentry","category-consejos-y-cuidados","tag-asma-en-los-ninos","tag-asma-infantil","tag-bronquitis-o-neumonia","tag-sintomas-del-asma-en-ninos"],"_links":{"self":[{"href":"https:\/\/www.sehogarelsalvador.com\/blog\/wp-json\/wp\/v2\/posts\/174","targetHints":{"allow":["GET"]}}],"collection":[{"href":"https:\/\/www.sehogarelsalvador.com\/blog\/wp-json\/wp\/v2\/posts"}],"about":[{"href":"https:\/\/www.sehogarelsalvador.com\/blog\/wp-json\/wp\/v2\/types\/post"}],"author":[{"embeddable":true,"href":"https:\/\/www.sehogarelsalvador.com\/blog\/wp-json\/wp\/v2\/users\/1"}],"replies":[{"embeddable":true,"href":"https:\/\/www.sehogarelsalvador.com\/blog\/wp-json\/wp\/v2\/comments?post=174"}],"version-history":[{"count":1,"href":"https:\/\/www.sehogarelsalvador.com\/blog\/wp-json\/wp\/v2\/posts\/174\/revisions"}],"predecessor-version":[{"id":176,"href":"https:\/\/www.sehogarelsalvador.com\/blog\/wp-json\/wp\/v2\/posts\/174\/revisions\/176"}],"wp:featuredmedia":[{"embeddable":true,"href":"https:\/\/www.sehogarelsalvador.com\/blog\/wp-json\/wp\/v2\/media\/175"}],"wp:attachment":[{"href":"https:\/\/www.sehogarelsalvador.com\/blog\/wp-json\/wp\/v2\/media?parent=174"}],"wp:term":[{"taxonomy":"category","embeddable":true,"href":"https:\/\/www.sehogarelsalvador.com\/blog\/wp-json\/wp\/v2\/categories?post=174"},{"taxonomy":"post_tag","embeddable":true,"href":"https:\/\/www.sehogarelsalvador.com\/blog\/wp-json\/wp\/v2\/tags?post=174"}],"curies":[{"name":"wp","href":"https:\/\/api.w.org\/{rel}","templated":true}]}}