{"id":177,"date":"2019-01-09T03:41:38","date_gmt":"2019-01-09T03:41:38","guid":{"rendered":"http:\/\/www.sehogarelsalvador.com\/blog\/?p=177"},"modified":"2019-01-09T03:41:38","modified_gmt":"2019-01-09T03:41:38","slug":"estas-son-las-senales-de-que-papa-y-mama-necesitan-ayuda","status":"publish","type":"post","link":"https:\/\/www.sehogarelsalvador.com\/blog\/consejos-y-cuidados\/estas-son-las-senales-de-que-papa-y-mama-necesitan-ayuda\/","title":{"rendered":"Estas son las se\u00f1ales de que pap\u00e1 y mam\u00e1 necesitan ayuda"},"content":{"rendered":"\n<figure class=\"wp-block-image is-resized\"><img loading=\"lazy\" decoding=\"async\" src=\"https:\/\/www.sehogarelsalvador.com\/blog\/wp-content\/uploads\/2019\/01\/El-abuelo-nieto.jpg\" alt=\"\" class=\"wp-image-178\" width=\"735\" height=\"434\" srcset=\"https:\/\/www.sehogarelsalvador.com\/blog\/wp-content\/uploads\/2019\/01\/El-abuelo-nieto.jpg 980w, https:\/\/www.sehogarelsalvador.com\/blog\/wp-content\/uploads\/2019\/01\/El-abuelo-nieto-300x177.jpg 300w, https:\/\/www.sehogarelsalvador.com\/blog\/wp-content\/uploads\/2019\/01\/El-abuelo-nieto-768x453.jpg 768w\" sizes=\"auto, (max-width: 735px) 100vw, 735px\" \/><\/figure>\n\n\n\n<p>Las personas mayores valoran su independencia y generalmente no \nexpresan que necesitan ayuda. Como resultado del crecimiento, es normal \nque &nbsp;experimenten cambios en su salud relacionados con la edad. <br><\/p>\n\n\n\n<p>La  vista y la audici\u00f3n pueden declinar, los m\u00fasculos pueden perder masa,  los huesos pierden densidad, las articulaciones se endurecen, sobre todo  si no se es activo f\u00edsicamente. <strong>Es posible que los peque\u00f1os cambios en  la salud no parezcan afectar la capacidad de una persona para vivir por  s\u00ed misma, pero el total acumulado puede tener un impacto importante.<\/strong><br><\/p>\n\n\n\n<p>S\u00f3lo  se necesita un problema de salud importante para detonar todo el c\u00famulo  de padecimientos que lleva acumulado. <strong>Alguien con demencia no podr\u00e1  cuidar de s\u00ed misma.<\/strong> Esto tambi\u00e9n puede ser cierto para personas con  muchas otras afecciones cr\u00f3nicas, como el Parkinson, artritis  reumatoide, enfermedad pulmonar obstructiva cr\u00f3nica (una afecci\u00f3n  pulmonar conocida como EPOC), degeneraci\u00f3n macular relacionada con la  edad (que causa la p\u00e9rdida de la visi\u00f3n central) o grave depresi\u00f3n.<br><\/p>\n\n\n\n<p>Algunas\n se\u00f1ales, por ejemplo, son cuando la casa est\u00e1 m\u00e1s desordenada de lo \nnormal o comida en el refrigerador que no se come se echa a perder, \ncitas m\u00e9dicas perdidas, se\u00f1ales de lesiones o quemaduras; estas son \nse\u00f1ales que indican que algo est\u00e1 ocurriendo y se deben tomar medidas \npara brindar ayuda a tus familiares.<\/p>\n\n\n\n<p>Considera consultar a los  expertos para obtener la evaluaci\u00f3n detallada para descubrir qu\u00e9  soluciones se necesitan. <strong>Estos son los signos que debes detectar a  tiempo para poder intervenir de forma oportuna a tus padres: <\/strong><\/p>\n\n\n\n<p>1) No pagar las facturas de la casa, detectas que los documentos \nimportantes ya no se guardan en su lugar y por el contrario se dejan \ntirados. &nbsp;<br><\/p>\n\n\n\n<p>2) No reconocer una necesidad dar mantenimiento a \nla casa, por ejemplo, el pasto alto, plantas secas, la basura dentro del\n domicilio y el correo acumulado.<br><\/p>\n\n\n\n<p>3) Conducir se convierte en \nun problema, por ejemplo cuando ya hay un aumento considerable de \ninfracciones de tr\u00e1fico y accidentes. <br><\/p>\n\n\n\n<p>4) No comer \nregularmente, ahora tus padres ya muestran fatiga y falta de motivaci\u00f3n \npara preparar las comidas, ya no comen a horas regulares o le faltan \ncomidas por completo. <br><\/p>\n\n\n\n<p>5) Disminuci\u00f3n de la higiene personal, \nte percatas que ya tienen el cabello descuidado, las u\u00f1as sucias, tienen\n mala higiene bucal, olor corporal o urinario. <br><\/p>\n\n\n\n<p>6) Ya no le dan importancia a la limpieza del hogar, y detectas ropa sucia acumulada, el fregadero lleno y el piso sucio.<\/p>\n\n\n\n<p>7)\n Pierden los medicamentos, los padres ya olvidan el medicamento, la \ncantidad y tiempo en que deben consumirlos. Toman pastillas equivocadas \nen el momento equivocado. <br><\/p>\n\n\n\n<p>8) Resistencia a salir de la casa, \ntus padres ya no est\u00e1n haciendo sus recados habituales ni las visitas a \nlos amigos y familiares. Duermen largos per\u00edodos y no se interesan \u200b\u200ben \npasatiempos habituales.<br><\/p>\n\n\n\n<p>9) La movilidad disminuye. Subir y bajar escaleras o entrar \/ salir de la casa se convierte en un desaf\u00edo. <br><\/p>\n\n\n\n<p>10) Comienzan a tener p\u00e9rdida de memoria considerable y ya han tenido episodios de desorientaci\u00f3n o nombres y palabras comunes.<br><\/p>\n\n\n\n<p>Una\n vez que detectas estos s\u00edntomas, y decides que tus padres necesitan \nayuda, el siguiente paso es determinar de qu\u00e9 tipo: un centro de d\u00eda \n&nbsp;para personas mayores , entrega de comida, consejer\u00eda psiqui\u00e1trica, \ncuidados  del hogar, etc\u00e9tera.<\/p>\n\n\n\n<p>Si quieres recibir una asesor\u00eda personalizada y por profesionales da clic <a href=\"https:\/\/www.sehogarelsalvador.com\">aqu\u00ed<\/a> para varias soluciones a tu alcance.\u00a0<\/p>\n","protected":false},"excerpt":{"rendered":"<p>Las personas mayores valoran su independencia y generalmente no expresan que necesitan ayuda. Como resultado del crecimiento, es normal que &nbsp;experimenten cambios en su salud relacionados con la edad. La vista y la audici\u00f3n pueden declinar, los m\u00fasculos pueden perder masa, los huesos pierden densidad, las articulaciones se endurecen, sobre todo si no se es <a href=\"https:\/\/www.sehogarelsalvador.com\/blog\/consejos-y-cuidados\/estas-son-las-senales-de-que-papa-y-mama-necesitan-ayuda\/\" rel=\"nofollow\"><span class=\"sr-only\">Leer m\u00e1sEstas son las se\u00f1ales de que pap\u00e1 y mam\u00e1 necesitan ayuda<\/span>[&hellip;]<\/a><\/p>\n","protected":false},"author":1,"featured_media":178,"comment_status":"open","ping_status":"open","sticky":false,"template":"","format":"standard","meta":{"footnotes":""},"categories":[14],"tags":[137,138,135,136],"class_list":["post-177","post","type-post","status-publish","format-standard","has-post-thumbnail","hentry","category-consejos-y-cuidados","tag-artritis-reumatoide","tag-enfermedad-pulmonar","tag-las-personas-mayores","tag-parkinson"],"_links":{"self":[{"href":"https:\/\/www.sehogarelsalvador.com\/blog\/wp-json\/wp\/v2\/posts\/177","targetHints":{"allow":["GET"]}}],"collection":[{"href":"https:\/\/www.sehogarelsalvador.com\/blog\/wp-json\/wp\/v2\/posts"}],"about":[{"href":"https:\/\/www.sehogarelsalvador.com\/blog\/wp-json\/wp\/v2\/types\/post"}],"author":[{"embeddable":true,"href":"https:\/\/www.sehogarelsalvador.com\/blog\/wp-json\/wp\/v2\/users\/1"}],"replies":[{"embeddable":true,"href":"https:\/\/www.sehogarelsalvador.com\/blog\/wp-json\/wp\/v2\/comments?post=177"}],"version-history":[{"count":1,"href":"https:\/\/www.sehogarelsalvador.com\/blog\/wp-json\/wp\/v2\/posts\/177\/revisions"}],"predecessor-version":[{"id":179,"href":"https:\/\/www.sehogarelsalvador.com\/blog\/wp-json\/wp\/v2\/posts\/177\/revisions\/179"}],"wp:featuredmedia":[{"embeddable":true,"href":"https:\/\/www.sehogarelsalvador.com\/blog\/wp-json\/wp\/v2\/media\/178"}],"wp:attachment":[{"href":"https:\/\/www.sehogarelsalvador.com\/blog\/wp-json\/wp\/v2\/media?parent=177"}],"wp:term":[{"taxonomy":"category","embeddable":true,"href":"https:\/\/www.sehogarelsalvador.com\/blog\/wp-json\/wp\/v2\/categories?post=177"},{"taxonomy":"post_tag","embeddable":true,"href":"https:\/\/www.sehogarelsalvador.com\/blog\/wp-json\/wp\/v2\/tags?post=177"}],"curies":[{"name":"wp","href":"https:\/\/api.w.org\/{rel}","templated":true}]}}