{"id":303,"date":"2019-06-20T03:42:34","date_gmt":"2019-06-20T03:42:34","guid":{"rendered":"http:\/\/www.sehogarelsalvador.com\/blog\/?p=303"},"modified":"2019-06-20T03:42:34","modified_gmt":"2019-06-20T03:42:34","slug":"consejos-para-proteger-a-los-adultos-mayores-ante-la-ola-de-calor","status":"publish","type":"post","link":"https:\/\/www.sehogarelsalvador.com\/blog\/adulto-mayor\/consejos-para-proteger-a-los-adultos-mayores-ante-la-ola-de-calor\/","title":{"rendered":"Consejos para proteger a los adultos mayores ante la ola de calor"},"content":{"rendered":"\n<figure class=\"wp-block-image\"><img loading=\"lazy\" decoding=\"async\" width=\"840\" height=\"420\" src=\"https:\/\/www.sehogarelsalvador.com\/blog\/wp-content\/uploads\/2019\/06\/ola-de-calor.jpg\" alt=\"\" class=\"wp-image-304\" srcset=\"https:\/\/www.sehogarelsalvador.com\/blog\/wp-content\/uploads\/2019\/06\/ola-de-calor.jpg 840w, https:\/\/www.sehogarelsalvador.com\/blog\/wp-content\/uploads\/2019\/06\/ola-de-calor-300x150.jpg 300w, https:\/\/www.sehogarelsalvador.com\/blog\/wp-content\/uploads\/2019\/06\/ola-de-calor-768x384.jpg 768w, https:\/\/www.sehogarelsalvador.com\/blog\/wp-content\/uploads\/2019\/06\/ola-de-calor-600x300.jpg 600w, https:\/\/www.sehogarelsalvador.com\/blog\/wp-content\/uploads\/2019\/06\/ola-de-calor-400x200.jpg 400w\" sizes=\"auto, (max-width: 840px) 100vw, 840px\" \/><\/figure>\n\n\n\n<p> Con la llegada de las altas temperaturas, los ni\u00f1os,  las personas enfermas, las dependientes y las personas mayores son los  grupos vulnerables a la hora de sufrir un golpe de calor. <strong>Pero es este  \u00faltimo conjunto de personas las que m\u00e1s riesgo corre, debido que tienen  una sensaci\u00f3n reducida del calor y por lo tanto se protegen menos del  calor.<\/strong> De ah\u00ed que se multipliquen las advertencias y las recomendaciones  para refugiarse de las altas temperaturas. <\/p>\n\n\n\n<p> Conforme aumenta la edad, las personas son m\u00e1s susceptibles a tener un  golpe de calor. Ahora bien, la edad no es la \u00fanica consecuencia a  considerar, ya que <strong>hay personas menores de 60-65 a\u00f1os que presentan enfermedades neurodegenerativas<\/strong>,  psiqui\u00e1tricas o enfermedades cr\u00f3nicas, que imprimen un riesgo mayor que  el que presentan otras personas en torno a los 80-85 a\u00f1os que tienen un  buen estado basal de salud. \u201cEs decir, que <strong>influyen otros factores<\/strong> a\u00f1adidos como las enfermedades, especialmente las que afectan a la esfera ps\u00edquica y cognitiva, la <strong>diabetes<\/strong>,  insuficiencias org\u00e1nicas avanzadas, las que enfermedades infecciosas  que cursan con fiebre, las que cursan con p\u00e9rdidas de l\u00edquidos y  electrolitos (v\u00f3mitos, <strong>diarrea<\/strong>, heridas exudativas etc.) y <strong>los medicamentos que deben tomar para el control de \u00e9stas<\/strong>, especialmente los diur\u00e9ticos, laxantes, anticonvulsivantes y psicof\u00e1rmacos\u201d.<\/p>\n\n\n\n<h2 class=\"wp-block-heading\">Consejos para prevenir golpes de calor en personas mayores<\/h2>\n\n\n\n<p>Es muy importante, para evitar sustos innecesarios, seguir algunas  recomendaciones que ayudar\u00e1n a evitar los golpes de calor.<\/p>\n\n\n\n<h3 class=\"wp-block-heading\">Hidratarse constantemente<\/h3>\n\n\n\n<p> <strong>Beber abundantemente, ocho vasos de agua al d\u00eda (2 litros): <\/strong>El 80 por ciento deber\u00eda ser agua y el 20 por ciento restante, si se quiere, a base de tisanas, caf\u00e9, <strong>leche<\/strong>, o por los propios alimentos. <\/p>\n\n\n\n<h3 class=\"wp-block-heading\">Evitar la exposici\u00f3n prolongada al sol<\/h3>\n\n\n\n<p>Sobre todo en personas mayores, es muy importante no estar durante \nmucho rato al alcance del sol. M\u00e1xime en las horas de m\u00e1s calor y \nhumedad.<\/p>\n\n\n\n<h3 class=\"wp-block-heading\">No ingerir comidas pesadas<\/h3>\n\n\n\n<p>Es importante para no tener digestiones muy pesadas, ya que aumentan \nla temperatura del cuerpo. Ensaladas, verduras, frutas, comidas ligeras \nque deben ser muy frecuentes en verano.<\/p>\n\n\n\n<h3 class=\"wp-block-heading\">Llevar ropa fresca y ligera<\/h3>\n\n\n\n<p>Prendas de vestir que permitan una buena transpiraci\u00f3n y que el calor no se quede impregnado en el cuerpo.<\/p>\n\n\n\n<h3 class=\"wp-block-heading\">Estar en estancias bien ventiladas y frescas<\/h3>\n\n\n\n<p>Tener las persianas bajadas, o las cortinas, para evitar que el sol aumente la temperatura del lugar.<\/p>\n\n\n\n<h3 class=\"wp-block-heading\">Ducharse con asiduidad<\/h3>\n\n\n\n<p>Es la mejor manera para refrescarse r\u00e1pidamente y regular la temperatura de nuestro cuerpo.<\/p>\n\n\n\n<h2 class=\"wp-block-heading\">Acompa\u00f1amiento, la mayor confianza<\/h2>\n\n\n\n<p>Especialmente, <strong>es muy importante estar atentos a las personas mayores para evitar los efectos del calor<\/strong>  tan peligrosos para su salud. Prestar atenci\u00f3n a los ancianos, para que  cumplan con los consejos expuestos anteriormente, es una funci\u00f3n tan o  m\u00e1s importante que seguir con las indicaciones.<\/p>\n\n\n\n<p>Por esto, si nosotros o alg\u00fan familiar,  no podemos estar con nuestro ser querido es conveniente poder tener la  seguridad que, a pesar de esto, nuestro anciano va estar siempre con la  mejor atenci\u00f3n para prevenir los golpes y efectos del calor. Una  enfermera, con experiencia y referencias en el trato con personas  mayores, puede ser la soluci\u00f3n m\u00e1s adecuada para que el verano sea, esta  vez s\u00ed, una \u00e9poca sin ninguna complicaci\u00f3n.<\/p>\n\n\n\n<p> <\/p>\n","protected":false},"excerpt":{"rendered":"<p>Con la llegada de las altas temperaturas, los ni\u00f1os, las personas enfermas, las dependientes y las personas mayores son los grupos vulnerables a la hora de sufrir un golpe de calor. Pero es este \u00faltimo conjunto de personas las que m\u00e1s riesgo corre, debido que tienen una sensaci\u00f3n reducida del calor y por lo tanto <a href=\"https:\/\/www.sehogarelsalvador.com\/blog\/adulto-mayor\/consejos-para-proteger-a-los-adultos-mayores-ante-la-ola-de-calor\/\" rel=\"nofollow\"><span class=\"sr-only\">Leer m\u00e1sConsejos para proteger a los adultos mayores ante la ola de calor<\/span>[&hellip;]<\/a><\/p>\n","protected":false},"author":1,"featured_media":304,"comment_status":"open","ping_status":"open","sticky":false,"template":"","format":"standard","meta":{"footnotes":""},"categories":[1,14,13,170],"tags":[255,254,257,96,256],"class_list":["post-303","post","type-post","status-publish","format-standard","has-post-thumbnail","hentry","category-adulto-mayor","category-consejos-y-cuidados","category-enfermeria-a-domicilio","category-salud-y-bienestar","tag-alimentacion","tag-calor","tag-consejos","tag-personas-mayores","tag-temperaturas"],"_links":{"self":[{"href":"https:\/\/www.sehogarelsalvador.com\/blog\/wp-json\/wp\/v2\/posts\/303","targetHints":{"allow":["GET"]}}],"collection":[{"href":"https:\/\/www.sehogarelsalvador.com\/blog\/wp-json\/wp\/v2\/posts"}],"about":[{"href":"https:\/\/www.sehogarelsalvador.com\/blog\/wp-json\/wp\/v2\/types\/post"}],"author":[{"embeddable":true,"href":"https:\/\/www.sehogarelsalvador.com\/blog\/wp-json\/wp\/v2\/users\/1"}],"replies":[{"embeddable":true,"href":"https:\/\/www.sehogarelsalvador.com\/blog\/wp-json\/wp\/v2\/comments?post=303"}],"version-history":[{"count":1,"href":"https:\/\/www.sehogarelsalvador.com\/blog\/wp-json\/wp\/v2\/posts\/303\/revisions"}],"predecessor-version":[{"id":305,"href":"https:\/\/www.sehogarelsalvador.com\/blog\/wp-json\/wp\/v2\/posts\/303\/revisions\/305"}],"wp:featuredmedia":[{"embeddable":true,"href":"https:\/\/www.sehogarelsalvador.com\/blog\/wp-json\/wp\/v2\/media\/304"}],"wp:attachment":[{"href":"https:\/\/www.sehogarelsalvador.com\/blog\/wp-json\/wp\/v2\/media?parent=303"}],"wp:term":[{"taxonomy":"category","embeddable":true,"href":"https:\/\/www.sehogarelsalvador.com\/blog\/wp-json\/wp\/v2\/categories?post=303"},{"taxonomy":"post_tag","embeddable":true,"href":"https:\/\/www.sehogarelsalvador.com\/blog\/wp-json\/wp\/v2\/tags?post=303"}],"curies":[{"name":"wp","href":"https:\/\/api.w.org\/{rel}","templated":true}]}}