{"id":320,"date":"2019-07-21T16:55:36","date_gmt":"2019-07-21T16:55:36","guid":{"rendered":"http:\/\/www.sehogarelsalvador.com\/blog\/?p=320"},"modified":"2019-07-21T16:55:36","modified_gmt":"2019-07-21T16:55:36","slug":"son-aptos-los-moviles-para-personas-mayores","status":"publish","type":"post","link":"https:\/\/www.sehogarelsalvador.com\/blog\/adulto-mayor\/son-aptos-los-moviles-para-personas-mayores\/","title":{"rendered":"\u00bfSon aptos los m\u00f3viles para personas mayores?"},"content":{"rendered":"\n<figure class=\"wp-block-image\"><img loading=\"lazy\" decoding=\"async\" width=\"1024\" height=\"769\" src=\"https:\/\/www.sehogarelsalvador.com\/blog\/wp-content\/uploads\/2019\/07\/1366_2000-1024x769.jpg\" alt=\"\" class=\"wp-image-321\" srcset=\"https:\/\/www.sehogarelsalvador.com\/blog\/wp-content\/uploads\/2019\/07\/1366_2000-1024x769.jpg 1024w, https:\/\/www.sehogarelsalvador.com\/blog\/wp-content\/uploads\/2019\/07\/1366_2000-300x225.jpg 300w, https:\/\/www.sehogarelsalvador.com\/blog\/wp-content\/uploads\/2019\/07\/1366_2000-768x577.jpg 768w, https:\/\/www.sehogarelsalvador.com\/blog\/wp-content\/uploads\/2019\/07\/1366_2000-285x214.jpg 285w, https:\/\/www.sehogarelsalvador.com\/blog\/wp-content\/uploads\/2019\/07\/1366_2000.jpg 1260w\" sizes=\"auto, (max-width: 1024px) 100vw, 1024px\" \/><\/figure>\n\n\n\n<p> \u00bfTecnolog\u00eda y tercera edad? \u00a1Por supuesto que s\u00ed! <strong>Utilizar los  avances tecnol\u00f3gicos para garantizar el bienestar de nuestros mayores es  algo muy positivo y que conviene tener presente.<\/strong> M\u00e1s all\u00e1 de  lo que se tiende a pensar, estos avances tambi\u00e9n pueden ser aptos para  los m\u00e1s mayores facilitando mucho su d\u00eda a d\u00eda y, adem\u00e1s, aportando m\u00e1s  tranquilidad a las familias. <strong>Los m\u00f3viles para personas mayores son un claro ejemplo de ello,<\/strong>\u00a0con estos accesorios totalmente adaptados, se pueden conseguir grandes progresos. <\/p>\n\n\n\n<h2 class=\"wp-block-heading\">M\u00f3viles para personas mayores: otra forma de comunicarse<\/h2>\n\n\n\n<p>La comunicaci\u00f3n es fundamental para \ntodas las personas, sean de la edad que sean. En este contexto, \nencontrar la f\u00f3rmula para garantizar una comunicaci\u00f3n estable y fluida \ncon los adultos mayores es clave para un d\u00eda a d\u00eda en positivo que \nconsiga un envejecimiento de calidad. <strong>El uso de m\u00f3viles para personas mayores ser\u00e1 el aliado que buscamos<\/strong>.<\/p>\n\n\n\n<p>Gracias a estos dispositivos podremos  tener una comunicaci\u00f3n \u00e1gil, sencilla y directa con nuestros familiares.  Con los m\u00f3viles para personas mayores podremos conocer de primera mano  el estado y necesidades que puedan tener. Sin duda, todo un avance que  aportar\u00e1 tranquilidad para todos.<\/p>\n\n\n\n<h2 class=\"wp-block-heading\">Los mejores m\u00f3viles para personas mayores<\/h2>\n\n\n\n<p>Ahora bien, <strong>encontrar el m\u00f3vil para mayores que mejor se adapte a las limitaciones de un anciano en concreto no es algo sencillo<\/strong>.  Actualmente existen muchos modelos con distintas caracter\u00edsticas que se  adaptan mejor a unos casos que a otros. Tienes que buscar las mejores caracter\u00edsticas de estos  accesorios y una de estas son su simplicidad y funcionalidad. Tienen que ser  aparatos muy f\u00e1ciles  de manejar que ayudar\u00e1n a nuestros seres queridos a estar bien  comunicados.<\/p>\n\n\n\n<h2 class=\"wp-block-heading\">Una atenci\u00f3n personalizada<\/h2>\n\n\n\n<p>Sin duda, la comunicaci\u00f3n es  fundamental, ya que gracias a poder estar en contacto con otras personas  los mayores podr\u00e1n evadir la soledad y tener un punto de apoyo extra  para su satisfacci\u00f3n. A parte, a nivel asistencial, <strong>gracias a un  m\u00f3vil para personas mayores podremos estar alerta de cualquier  incidencia y responder ante cualquier imprevisto a la mayor brevedad<\/strong>.<\/p>\n\n\n\n<h2 class=\"wp-block-heading\">Un complemento a una asistencia de calidad<\/h2>\n\n\n\n<p><strong>Tener un tel\u00e9fono m\u00f3vil apto para personas de la tercera edad es un complemento que ayudar\u00e1<\/strong>,\n y mucho, tanto a los usuarios como a las familias a tener tranquilidad y\n bienestar. Si bien es cierto, que con la ayuda de una cuidadora \n(interna o por horas) se lograr\u00e1 el confort total que necesitamos.<\/p>\n\n\n\n<p>Un apoyo individualizado, duradero y de  m\u00e1xima calidad para que la soledad o desatenci\u00f3n sean parte del pasado.  \u00a1Descubre las mejores opciones asistenciales aqu\u00ed!<\/p>\n\n\n\n<figure class=\"wp-block-image\"><img loading=\"lazy\" decoding=\"async\" width=\"1024\" height=\"334\" src=\"https:\/\/www.sehogarelsalvador.com\/blog\/wp-content\/uploads\/2018\/11\/banner-cuidados-servicios-sehogar--1024x334.png\" alt=\"\" class=\"wp-image-37\" srcset=\"https:\/\/www.sehogarelsalvador.com\/blog\/wp-content\/uploads\/2018\/11\/banner-cuidados-servicios-sehogar--1024x334.png 1024w, https:\/\/www.sehogarelsalvador.com\/blog\/wp-content\/uploads\/2018\/11\/banner-cuidados-servicios-sehogar--300x98.png 300w, https:\/\/www.sehogarelsalvador.com\/blog\/wp-content\/uploads\/2018\/11\/banner-cuidados-servicios-sehogar--768x251.png 768w\" sizes=\"auto, (max-width: 1024px) 100vw, 1024px\" \/><\/figure>\n","protected":false},"excerpt":{"rendered":"<p>\u00bfTecnolog\u00eda y tercera edad? \u00a1Por supuesto que s\u00ed! Utilizar los avances tecnol\u00f3gicos para garantizar el bienestar de nuestros mayores es algo muy positivo y que conviene tener presente. M\u00e1s all\u00e1 de lo que se tiende a pensar, estos avances tambi\u00e9n pueden ser aptos para los m\u00e1s mayores facilitando mucho su d\u00eda a d\u00eda y, adem\u00e1s, <a href=\"https:\/\/www.sehogarelsalvador.com\/blog\/adulto-mayor\/son-aptos-los-moviles-para-personas-mayores\/\" rel=\"nofollow\"><span class=\"sr-only\">Leer m\u00e1s\u00bfSon aptos los m\u00f3viles para personas mayores?<\/span>[&hellip;]<\/a><\/p>\n","protected":false},"author":1,"featured_media":321,"comment_status":"open","ping_status":"open","sticky":false,"template":"","format":"standard","meta":{"footnotes":""},"categories":[1,14,170],"tags":[],"class_list":["post-320","post","type-post","status-publish","format-standard","has-post-thumbnail","hentry","category-adulto-mayor","category-consejos-y-cuidados","category-salud-y-bienestar"],"_links":{"self":[{"href":"https:\/\/www.sehogarelsalvador.com\/blog\/wp-json\/wp\/v2\/posts\/320","targetHints":{"allow":["GET"]}}],"collection":[{"href":"https:\/\/www.sehogarelsalvador.com\/blog\/wp-json\/wp\/v2\/posts"}],"about":[{"href":"https:\/\/www.sehogarelsalvador.com\/blog\/wp-json\/wp\/v2\/types\/post"}],"author":[{"embeddable":true,"href":"https:\/\/www.sehogarelsalvador.com\/blog\/wp-json\/wp\/v2\/users\/1"}],"replies":[{"embeddable":true,"href":"https:\/\/www.sehogarelsalvador.com\/blog\/wp-json\/wp\/v2\/comments?post=320"}],"version-history":[{"count":1,"href":"https:\/\/www.sehogarelsalvador.com\/blog\/wp-json\/wp\/v2\/posts\/320\/revisions"}],"predecessor-version":[{"id":322,"href":"https:\/\/www.sehogarelsalvador.com\/blog\/wp-json\/wp\/v2\/posts\/320\/revisions\/322"}],"wp:featuredmedia":[{"embeddable":true,"href":"https:\/\/www.sehogarelsalvador.com\/blog\/wp-json\/wp\/v2\/media\/321"}],"wp:attachment":[{"href":"https:\/\/www.sehogarelsalvador.com\/blog\/wp-json\/wp\/v2\/media?parent=320"}],"wp:term":[{"taxonomy":"category","embeddable":true,"href":"https:\/\/www.sehogarelsalvador.com\/blog\/wp-json\/wp\/v2\/categories?post=320"},{"taxonomy":"post_tag","embeddable":true,"href":"https:\/\/www.sehogarelsalvador.com\/blog\/wp-json\/wp\/v2\/tags?post=320"}],"curies":[{"name":"wp","href":"https:\/\/api.w.org\/{rel}","templated":true}]}}