{"id":336,"date":"2019-08-25T02:11:00","date_gmt":"2019-08-25T02:11:00","guid":{"rendered":"http:\/\/www.sehogarelsalvador.com\/blog\/?p=336"},"modified":"2019-08-25T02:11:00","modified_gmt":"2019-08-25T02:11:00","slug":"enfermedades-comunes-en-personas-mayores-7-enfermedades-cronicas-comunes-en-ancianos","status":"publish","type":"post","link":"https:\/\/www.sehogarelsalvador.com\/blog\/adulto-mayor\/enfermedades-comunes-en-personas-mayores-7-enfermedades-cronicas-comunes-en-ancianos\/","title":{"rendered":"Enfermedades comunes en personas mayores: 7 enfermedades cr\u00f3nicas comunes en ancianos"},"content":{"rendered":"\n<figure class=\"wp-block-image\"><img loading=\"lazy\" decoding=\"async\" width=\"800\" height=\"533\" src=\"https:\/\/www.sehogarelsalvador.com\/blog\/wp-content\/uploads\/2019\/08\/enfermedades-comunes-ancianos.jpg\" alt=\"\" class=\"wp-image-337\" srcset=\"https:\/\/www.sehogarelsalvador.com\/blog\/wp-content\/uploads\/2019\/08\/enfermedades-comunes-ancianos.jpg 800w, https:\/\/www.sehogarelsalvador.com\/blog\/wp-content\/uploads\/2019\/08\/enfermedades-comunes-ancianos-300x200.jpg 300w, https:\/\/www.sehogarelsalvador.com\/blog\/wp-content\/uploads\/2019\/08\/enfermedades-comunes-ancianos-768x512.jpg 768w, https:\/\/www.sehogarelsalvador.com\/blog\/wp-content\/uploads\/2019\/08\/enfermedades-comunes-ancianos-750x500.jpg 750w\" sizes=\"auto, (max-width: 800px) 100vw, 800px\" \/><\/figure>\n\n\n\n<p>Los ancianos constituyen un grupo de \nriesgo en algunas enfermedades que suelen estar relacionadas \nprecisamente con el envejecimiento, son las que denominamos <strong>enfermedades cr\u00f3nicas<\/strong>.<\/p>\n\n\n\n<p>Consideramos enfermedades cr\u00f3nicas  aquellas de larga duraci\u00f3n que progresan de forma lenta y aunque  cualquier persona puede desarrollar una enfermedad de este tipo,  independientemente de la edad que tenga, \u00e9stas son m\u00e1s comunes en los  ancianos. <\/p>\n\n\n\n<p>Por este motivo, para cuidar de la salud de los mayores\u00a0es  imprescindible\u00a0conocerlas e identificarlas para poder acudir al  especialista ante cualquier signo de aparici\u00f3n de una de estas  afecciones. Aqu\u00ed enumeramos algunas de las <strong>enfermedades m\u00e1s comunes en personas mayores:<\/strong><\/p>\n\n\n\n<h2 class=\"wp-block-heading\"><strong>1.Artritis y Artrosis<\/strong><\/h2>\n\n\n\n<p>La <strong>artritis<\/strong> es una inflamaci\u00f3n en las articulaciones que suele provocar hinchaz\u00f3n articular.<\/p>\n\n\n\n<p>La <strong>artrosis<\/strong> suele ser \nuna consecuencia de un cuadro de artritis grave. Casi todos los ancianos\n la sufren en alguna de sus articulaciones, aunque suele ser m\u00e1s com\u00fan \nen mujeres que en hombres.<\/p>\n\n\n\n<p>En concreto, la artrosis aparece por la \ndegeneraci\u00f3n del cart\u00edlago articular a causa de la edad, provocando \ndolor en el movimiento y dificultades motoras.<\/p>\n\n\n\n<p>Normalmente los ancianos que la padecen \npueden llevar una vida normal&nbsp; y disminuir el dolor siguiendo un \ntratamiento basado en antiinflamatorios, infiltraciones y \nrehabilitaci\u00f3n.<\/p>\n\n\n\n<h2 class=\"wp-block-heading\"><strong>2.Diabetes<\/strong><\/h2>\n\n\n\n<p>Pr\u00e1cticamente todas las personas de la \ntercera edad sufren diabetes. Las principales causas suelen ser el \nestr\u00e9s, los malos h\u00e1bitos alimenticios y la inactividad.<\/p>\n\n\n\n<p>Con un control por parte del especialista y el tratamiento adecuado, el anciano puede llevar una vida totalmente normal.<\/p>\n\n\n\n<h2 class=\"wp-block-heading\"><strong>3.Desnutrici\u00f3n<\/strong><\/h2>\n\n\n\n<p>Las personas mayores tienen tendencia a \nperder el apetito, por lo que su ingesta de prote\u00ednas y vitaminas \ndisminuye, pudiendo llegar a provocarles desnutrici\u00f3n.<\/p>\n\n\n\n<p>Este problema puede derivar en otros como deshidrataci\u00f3n, anemia o gastritis atr\u00f3fica, entre otras.<\/p>\n\n\n\n<p>Para evitarlo, es crucial que se desarrollen unos h\u00e1bitos de alimentaci\u00f3n en personas mayores  as\u00ed como el seguimiento de una dieta equilibrada\u00a0que le garanticen el  consumo de todos los minerales y vitaminas que necesita para estar sano.  En algunos casos, el especialista recomienda recurrir a algunos  complementos alimenticios para paliar este d\u00e9ficit.<\/p>\n\n\n\n<h2 class=\"wp-block-heading\"><strong>4.Gripe<\/strong><\/h2>\n\n\n\n<p>La gripe en personas mayores puede \ngenerar complicaciones y requerir hospitalizaci\u00f3n, debido a la aparici\u00f3n\n de problemas respiratorios.<\/p>\n\n\n\n<p>Por ello, la prevenci\u00f3n es sumamente importante en el caso de que el anciano presente s\u00edntomas de resfriado o gripe.<\/p>\n\n\n\n<figure class=\"wp-block-image is-resized\"><a href=\"http:\/\/www.sehogarelsalvador.com\/\"><img loading=\"lazy\" decoding=\"async\" src=\"https:\/\/www.sehogarelsalvador.com\/blog\/wp-content\/uploads\/2019\/08\/NUESTROS-SERVICIOS.png\" alt=\"\" class=\"wp-image-338\" width=\"570\" height=\"49\" srcset=\"https:\/\/www.sehogarelsalvador.com\/blog\/wp-content\/uploads\/2019\/08\/NUESTROS-SERVICIOS.png 760w, https:\/\/www.sehogarelsalvador.com\/blog\/wp-content\/uploads\/2019\/08\/NUESTROS-SERVICIOS-300x26.png 300w, https:\/\/www.sehogarelsalvador.com\/blog\/wp-content\/uploads\/2019\/08\/NUESTROS-SERVICIOS-750x65.png 750w\" sizes=\"auto, (max-width: 570px) 100vw, 570px\" \/><\/a><\/figure>\n\n\n\n<h2 class=\"wp-block-heading\"><strong>5.Alzheimer o Demencia Senil<\/strong><\/h2>\n\n\n\n<p>El Alzheimer  y la Demencia Senil son las enfermedades m\u00e1s temidas por los ancianos  ya que suponen una p\u00e9rdida progresiva de su memoria y sus habilidades  mentales; y por el momento no tienen cura.\u00a0<\/p>\n\n\n\n<p>La principal causa de estas enfermedades  degenerativas es el envejecimiento del cerebro que provoca que las  c\u00e9lulas nerviosas se vayan debilitando y atrofiando algunas zonas del  cerebro.<\/p>\n\n\n\n<h2 class=\"wp-block-heading\"><strong>6.P\u00e1rkinson<\/strong><\/h2>\n\n\n\n<p>El P\u00e1rkinson,  al igual que el Alzheimer, es una enfermedad neurodegenerativa  producida por la p\u00e9rdida progresiva de neuronas en la sustancia negra  cerebral.<\/p>\n\n\n\n<p>Generalmente, el P\u00e1rkinson se reconoce  por un trastorno del movimiento, pero \u00e9ste no es el \u00fanico s\u00edntoma, sino  que tambi\u00e9n provoca alternaciones cognitivas, emocionales y funcionales.<\/p>\n\n\n\n<h2 class=\"wp-block-heading\"><strong>7.Accidente Cerebro Vascular (Ictus)<\/strong><\/h2>\n\n\n\n<p>El Ictus es otra de las enfermedades m\u00e1s\n temidas por los ancianos. Se trata de una enfermedad cardiovascular que\n aparece cuando uno de los vasos sangu\u00edneos que lleva la sangre al \ncerebro se rompe o se obstruye.<\/p>\n\n\n\n<p>Esta enfermedad puede provocar que los \nancianos se queden paralizados de forma total o parcial, pierdan \nfacultades motoras y del habla e incluso fallezcan.<\/p>\n\n\n\n<p>Detectarlo a tiempo puede ser crucial  para la supervivencia del anciano, por lo que conocer sus s\u00edntomas es  muy importante. Si tenemos un anciano a nuestro cuidado debemos estar  atentos a una posible p\u00e9rdida de fuerza en un brazo o un lado del  cuerpo, p\u00e9rdida total o parcial de la visi\u00f3n, v\u00e9rtigo o inestabilidad,  alteraciones en el habla y dolor de cabeza intenso. Ante cualquiera de  estos s\u00edntomas se debe llamar a un m\u00e9dico de urgencias de forma  inmediata.<\/p>\n\n\n\n<p> Te invitamos a hacer parte de nuestra comunidad para que no te pierdas nuestras novedades y nos mantengamos s\u00faper conectados.<a href=\"https:\/\/www.facebook.com\/sehogarelsalvador\/\" target=\"_blank\" rel=\"noreferrer noopener\" aria-label=\" (abre en una nueva pesta\u00f1a)\">Facebook<\/a><\/p>\n\n\n\n<p>Puedes encontrar mas informaci\u00f3n acerca de SEHogar en <a href=\"http:\/\/www.sehogarelsalvador.com\/\">www.sehogarelsalvador.com <\/a><\/p>\n","protected":false},"excerpt":{"rendered":"<p>Los ancianos constituyen un grupo de riesgo en algunas enfermedades que suelen estar relacionadas precisamente con el envejecimiento, son las que denominamos enfermedades cr\u00f3nicas. Consideramos enfermedades cr\u00f3nicas aquellas de larga duraci\u00f3n que progresan de forma lenta y aunque cualquier persona puede desarrollar una enfermedad de este tipo, independientemente de la edad que tenga, \u00e9stas son <a href=\"https:\/\/www.sehogarelsalvador.com\/blog\/adulto-mayor\/enfermedades-comunes-en-personas-mayores-7-enfermedades-cronicas-comunes-en-ancianos\/\" rel=\"nofollow\"><span class=\"sr-only\">Leer m\u00e1sEnfermedades comunes en personas mayores: 7 enfermedades cr\u00f3nicas comunes en ancianos<\/span>[&hellip;]<\/a><\/p>\n","protected":false},"author":1,"featured_media":32,"comment_status":"open","ping_status":"open","sticky":false,"template":"","format":"standard","meta":{"footnotes":""},"categories":[1,3,13],"tags":[174,293,296,295,294,61],"class_list":["post-336","post","type-post","status-publish","format-standard","has-post-thumbnail","hentry","category-adulto-mayor","category-enfermeria","category-enfermeria-a-domicilio","tag-adulto-mayor","tag-bienestar","tag-cuidados","tag-enfermedades-comunes","tag-salud","tag-tercera-edad"],"_links":{"self":[{"href":"https:\/\/www.sehogarelsalvador.com\/blog\/wp-json\/wp\/v2\/posts\/336","targetHints":{"allow":["GET"]}}],"collection":[{"href":"https:\/\/www.sehogarelsalvador.com\/blog\/wp-json\/wp\/v2\/posts"}],"about":[{"href":"https:\/\/www.sehogarelsalvador.com\/blog\/wp-json\/wp\/v2\/types\/post"}],"author":[{"embeddable":true,"href":"https:\/\/www.sehogarelsalvador.com\/blog\/wp-json\/wp\/v2\/users\/1"}],"replies":[{"embeddable":true,"href":"https:\/\/www.sehogarelsalvador.com\/blog\/wp-json\/wp\/v2\/comments?post=336"}],"version-history":[{"count":1,"href":"https:\/\/www.sehogarelsalvador.com\/blog\/wp-json\/wp\/v2\/posts\/336\/revisions"}],"predecessor-version":[{"id":340,"href":"https:\/\/www.sehogarelsalvador.com\/blog\/wp-json\/wp\/v2\/posts\/336\/revisions\/340"}],"wp:featuredmedia":[{"embeddable":true,"href":"https:\/\/www.sehogarelsalvador.com\/blog\/wp-json\/wp\/v2\/media\/32"}],"wp:attachment":[{"href":"https:\/\/www.sehogarelsalvador.com\/blog\/wp-json\/wp\/v2\/media?parent=336"}],"wp:term":[{"taxonomy":"category","embeddable":true,"href":"https:\/\/www.sehogarelsalvador.com\/blog\/wp-json\/wp\/v2\/categories?post=336"},{"taxonomy":"post_tag","embeddable":true,"href":"https:\/\/www.sehogarelsalvador.com\/blog\/wp-json\/wp\/v2\/tags?post=336"}],"curies":[{"name":"wp","href":"https:\/\/api.w.org\/{rel}","templated":true}]}}