{"id":358,"date":"2020-01-24T03:29:13","date_gmt":"2020-01-24T03:29:13","guid":{"rendered":"http:\/\/www.sehogarelsalvador.com\/blog\/?p=358"},"modified":"2020-01-24T03:29:13","modified_gmt":"2020-01-24T03:29:13","slug":"la-vejez-retos-y-desafios","status":"publish","type":"post","link":"https:\/\/www.sehogarelsalvador.com\/blog\/adulto-mayor\/la-vejez-retos-y-desafios\/","title":{"rendered":"La vejez: retos y desaf\u00edos"},"content":{"rendered":"\n<figure class=\"wp-block-image\"><img loading=\"lazy\" decoding=\"async\" width=\"990\" height=\"556\" src=\"https:\/\/www.sehogarelsalvador.com\/blog\/wp-content\/uploads\/2018\/11\/istock-846436140-e1524666698175-990x556.jpg\" alt=\"\" class=\"wp-image-117\" srcset=\"https:\/\/www.sehogarelsalvador.com\/blog\/wp-content\/uploads\/2018\/11\/istock-846436140-e1524666698175-990x556.jpg 990w, https:\/\/www.sehogarelsalvador.com\/blog\/wp-content\/uploads\/2018\/11\/istock-846436140-e1524666698175-990x556-300x168.jpg 300w, https:\/\/www.sehogarelsalvador.com\/blog\/wp-content\/uploads\/2018\/11\/istock-846436140-e1524666698175-990x556-768x431.jpg 768w\" sizes=\"auto, (max-width: 990px) 100vw, 990px\" \/><\/figure>\n\n\n\n<p>Los retos de la vejez representan una serie de ventajas y desventajas  que hay que tener presentes si se quiere llegar a buen t\u00e9rmino y  prolongar lo inevitable. <\/p>\n\n\n\n<p><strong>La vejez supone uno de los desaf\u00edos m\u00e1s grandes a nivel global.\u00a0<\/strong>Hoy  en <a href=\"http:\/\/www.sehogarelsalvador.com\/\">SEHOGAR<\/a> queremos\u00a0concienciar a la sociedad sobre las  responsabilidades que tenemos todos ante el envejecimiento de la  poblaci\u00f3n y de las soluciones que necesitamos para garantizar una vejez  saludable, activa y plena. <\/p>\n\n\n\n<h2 class=\"wp-block-heading\" id=\"La-vejez-en-el-S.XXI\">La vejez en el Siglo XXI<\/h2>\n\n\n\n<p>Actualmente podemos hablar de que<strong>&nbsp;la perspectiva de la vejez est\u00e1 cambiando.<\/strong> Varias investigaciones demuestran que las <strong>personas de edad avanzada cada vez tienen una esperanza de vida m\u00e1s elevada y<\/strong>, en muchos casos, <strong>disfrutan de mejor salud.<\/strong><\/p>\n\n\n\n<p>En pleno Siglo XXI ya se habla de la<strong> \u00abcuarta edad\u00bb,<\/strong> haciendo referencia a aquellas<strong> personas que han superado los 80 a\u00f1os con una buena calidad de vida. <\/strong>La sociedad en general est\u00e1\u00a0aprendiendo c\u00f3mo llegar a la vejez plena y de calidad.\u00a0<\/p>\n\n\n\n<p><strong>Esta tendencia al envejecimiento es gracias a la evoluci\u00f3n de\n varios factores de la sociedad y brinda grandes oportunidades y nuevos \ndesaf\u00edos para el mundo entero: <\/strong>Desarrollo socio-econ\u00f3mico \nglobal, mejor nutrici\u00f3n, mayor actividad f\u00edsica, mayores comodidades, \ndisminuci\u00f3n de infecciones, progreso en la educaci\u00f3n, la atenci\u00f3n m\u00e9dica\n y la tecnolog\u00eda biom\u00e9dica.<\/p>\n\n\n\n<p><strong>Esta tendencia al envejecimiento es gracias a la evoluci\u00f3n de  varios factores de la sociedad y brinda grandes oportunidades y nuevos  desaf\u00edos para el mundo entero: <\/strong>Desarrollo socio-econ\u00f3mico  global, mejor nutrici\u00f3n, mayor actividad f\u00edsica, mayores comodidades,  disminuci\u00f3n de infecciones, progreso en la educaci\u00f3n, la atenci\u00f3n m\u00e9dica  y la tecnolog\u00eda biom\u00e9dica.<\/p>\n\n\n\n<h3 class=\"wp-block-heading\" id=\"Desafios-para-mejorar-la-calidad-de-vida-en-la-vejez\">Desaf\u00edos para mejorar la calidad de vida en la vejez<\/h3>\n\n\n\n<h4 class=\"wp-block-heading\" id=\"Desafio-global\">Desaf\u00edo global<\/h4>\n\n\n\n<p><strong>Actualmente, podemos considerar que el mundo en general est\u00e1 asumiendo correctamente este desaf\u00edo<\/strong>. Hace m\u00e1s o menos medio siglo, la mayor\u00eda de la poblaci\u00f3n mundial fallec\u00edan antes de alcanzar los 50 a\u00f1os de edad. Hoy en d\u00eda,<strong> la gran mayor\u00eda sobrevive mucho m\u00e1s all\u00e1 de los 65 a\u00f1os, sobre todo en los pa\u00edses industrializados.<\/strong>A d\u00eda de hoy, en <strong>Europa<\/strong>, el <strong>13% de la poblaci\u00f3n es mayor de 65 a\u00f1os<\/strong>, frente al 4% a principios del S.XX. <strong>Se espera que en 2030 aumente aproximadamente al 20%.<\/strong><\/p>\n\n\n\n<p>Se calcula que para el <strong>2025 la cifra de personas mayores de 65 a\u00f1os incrementar\u00e1 hasta 800.000.000 de personas en el mundo<\/strong>, la mayor\u00eda ser\u00e1n mujeres y en pa\u00edses desarrollados.<\/p>\n\n\n\n<h5 class=\"wp-block-heading\" id=\"Nuevo-desafio-global-del-envejecimiento\">Nuevo desaf\u00edo global del envejecimiento<\/h5>\n\n\n\n<p>El mundo en general debe afrontar un nuevo desaf\u00edo derivado de la vejez: <strong>Seguir\n mejorando la calidad de vida de las personas mayores, mejorar los \nservicios a la dependencia y hacer sostenible sus ingresos y nivel de \nvida.<\/strong>Esto es debido a que los cambios demogr\u00e1ficos que siguen ocurriendo. \nEn los pr\u00f3ximos 25 a\u00f1os, la poblaci\u00f3n mayor de 65 a\u00f1os crecer\u00e1 \naproximadamente un 88% comparado con el incremento del 45% en la \npoblaci\u00f3n de edad laboral. Esto significa que <strong>un n\u00famero menor de\n personas en edad productiva deber\u00e1 sostener a un n\u00famero creciente de \npersonas en edad de jubilaci\u00f3n con apoyo directo, impuestos, provisiones\n de servicios sociales, de salud y seguridad social.<\/strong><\/p>\n\n\n\n<h4 class=\"wp-block-heading\" id=\"Desafio-Social\">Desaf\u00edo Social<\/h4>\n\n\n\n<p>Sabemos que <strong>en un futuro no muy lejano, las personas de la tercera edad sobrepasar\u00e1n el n\u00famero de ni\u00f1os. <\/strong>Adem\u00e1s,\n el n\u00famero de personas que alcancen los 100 a\u00f1os ser\u00e1n miles. Esto hace \nque las personas se preocupen por c\u00f3mo van a vivir su vejez y qu\u00e9 puesto\n ocupar\u00e1n en la sociedad.<\/p>\n\n\n\n<p>El envejecimiento suele estar asociado a un incremento de la \ndiscapacidad y mayor dependencia de otras personas. Por este motivo,&nbsp;el<strong>&nbsp;principal objetivo de la sociedad debe ser mantener la salud y la calidad de vida de la poblaci\u00f3n de edad <\/strong>m\u00e1s avanzada.&nbsp;Tanto las personas como los gobiernos tienen obligaciones en este desaf\u00edo.<\/p>\n\n\n\n<p>Actualmente,<strong> los familiares de las personas mayores siguen siendo los principales cuidadores. <\/strong>Sin\n embargo, aunque una persona tenga hijos y\/o hijas, muchas veces estos \nacaban viviendo lejos de sus padres y no pueden ocuparse de ellos. Por \nello, es<strong> muy importante que la comunidad ofrezca servicios de cuidados al mayor<\/strong> para que tengan la compa\u00f1\u00eda y el apoyo que necesitan. Los<strong>\n gobiernos deben garantizar la provisi\u00f3n de servicios sociales, casas de\n visita, hospitales, ayudas sociales y econ\u00f3micas, casales para \nancianos,&nbsp;salud p\u00fablica de calidad&nbsp;y preparaci\u00f3n de albergues para \npersonas dependientes.<\/strong><\/p>\n\n\n\n<p><strong><a href=\"http:\/\/www.sehogarelsalvador.com\/\">SEHOGAR <\/a> ha sido la primera soluci\u00f3n creada para el cuidado de las personas mayores.<\/strong>\u00a0Como empresa pionera en el sector, ayudamos\u00a0a las familias a conciliar su vida personal con el cuidado de sus mayores. <strong>Buscamos la mejor atenci\u00f3n para tu familiar para garantizar su seguridad, salud y bienestar.<\/strong> Queremos que puedas ocuparte de otras tareas sabiendo que tus seres queridos est\u00e1n en las mejores manos profesionales.\u00a0<\/p>\n\n\n\n<h4 class=\"wp-block-heading\" id=\"Desafio-individual\">Desaf\u00edo individual<\/h4>\n\n\n\n<p>Para que una persona viva m\u00e1s tiempo y con una buena calidad de vida es muy importante que cuide de s\u00ed mismo. <strong>El autocuidado\u00a0es esencial para la salud y el bienestar de cualquier persona.\u00a0<\/strong><\/p>\n\n\n\n<p><strong>Los individuos deben preocuparse y tomar responsabilidad por su salud cuando antes mejor. <\/strong>Esto\n significa adoptar h\u00e1bitos como una dieta saludable, ejercicio adecuado,\n mantener relaciones sociales,&nbsp;cortar con el tabaco y las adicciones, \nentre otros.<\/p>\n\n\n\n<p><strong>El estilo de vida individual es lo que definir\u00e1 la futura vejez de cada individuo. <\/strong>La sociedad tiene la obligaci\u00f3n de\u00a0<strong>promocionar el envejecimiento activo para estimular h\u00e1bitos y estilos de vida que garanticen una vejez saludable, activa y feliz.<\/strong><\/p>\n\n\n\n<figure class=\"wp-block-image\"><img loading=\"lazy\" decoding=\"async\" width=\"1024\" height=\"71\" src=\"https:\/\/www.sehogarelsalvador.com\/blog\/wp-content\/uploads\/2019\/08\/CONTACTATE-CON-NOSOTROS-1-1024x71.png\" alt=\"\" class=\"wp-image-344\" srcset=\"https:\/\/www.sehogarelsalvador.com\/blog\/wp-content\/uploads\/2019\/08\/CONTACTATE-CON-NOSOTROS-1-1024x71.png 1024w, https:\/\/www.sehogarelsalvador.com\/blog\/wp-content\/uploads\/2019\/08\/CONTACTATE-CON-NOSOTROS-1-300x21.png 300w, https:\/\/www.sehogarelsalvador.com\/blog\/wp-content\/uploads\/2019\/08\/CONTACTATE-CON-NOSOTROS-1-768x53.png 768w, https:\/\/www.sehogarelsalvador.com\/blog\/wp-content\/uploads\/2019\/08\/CONTACTATE-CON-NOSOTROS-1.png 1178w\" sizes=\"auto, (max-width: 1024px) 100vw, 1024px\" \/><\/figure>\n\n\n\n<h2 class=\"wp-block-heading\" id=\"Los-cambios-debidos-a-la-edad\">Cuidados personas mayores: C\u00f3mo deben ser<\/h2>\n\n\n\n<p>Para <a href=\"http:\/\/www.sehogarelsalvador.com\/\">SEHOGAR<\/a>, el <strong>cuidado de ancianos<\/strong> se debe\u00a0hacer <strong>de manera personalizada, profesional\u00a0y eficiente. El principal objetivo es garantizar su seguridad, salud y bienestar. <\/strong>Unos  buenos cuidados pueden prolongar\u00a0la vida del adulto mayor y\u00a0ayudarlo  a\u00a0encontrar\u00a0la felicidad y la tranquilidad que tanto busca.<\/p>\n\n\n\n<p><strong>Nuestros profesionales <\/strong> se ocupar\u00e1n de ayudar al mayor en todo lo que haga falta y le dar\u00e1n la compa\u00f1\u00eda que necesita. Buscamos <strong>personas emp\u00e1ticas, agradables, pacientes, respetuosas, amigables y con vocaci\u00f3n por ayudar a los dem\u00e1s. <\/strong><\/p>\n\n\n\n<p>Los cuidadores a domicilio son<strong>\u00a0claves para promover el envejecimiento activo y mejorar la autonom\u00eda,\u00a0independencia y calidad de vida de sus pacientes. <\/strong><\/p>\n\n\n\n<figure class=\"wp-block-image\"><img loading=\"lazy\" decoding=\"async\" width=\"1024\" height=\"334\" src=\"https:\/\/www.sehogarelsalvador.com\/blog\/wp-content\/uploads\/2018\/11\/banner-cuidados-servicios-sehogar--1024x334.png\" alt=\"\" class=\"wp-image-37\" srcset=\"https:\/\/www.sehogarelsalvador.com\/blog\/wp-content\/uploads\/2018\/11\/banner-cuidados-servicios-sehogar--1024x334.png 1024w, https:\/\/www.sehogarelsalvador.com\/blog\/wp-content\/uploads\/2018\/11\/banner-cuidados-servicios-sehogar--300x98.png 300w, https:\/\/www.sehogarelsalvador.com\/blog\/wp-content\/uploads\/2018\/11\/banner-cuidados-servicios-sehogar--768x251.png 768w\" sizes=\"auto, (max-width: 1024px) 100vw, 1024px\" \/><\/figure>\n\n\n\n<p><\/p>\n","protected":false},"excerpt":{"rendered":"<p>Los retos de la vejez representan una serie de ventajas y desventajas que hay que tener presentes si se quiere llegar a buen t\u00e9rmino y prolongar lo inevitable. La vejez supone uno de los desaf\u00edos m\u00e1s grandes a nivel global.\u00a0Hoy en SEHOGAR queremos\u00a0concienciar a la sociedad sobre las responsabilidades que tenemos todos ante el envejecimiento <a href=\"https:\/\/www.sehogarelsalvador.com\/blog\/adulto-mayor\/la-vejez-retos-y-desafios\/\" rel=\"nofollow\"><span class=\"sr-only\">Leer m\u00e1sLa vejez: retos y desaf\u00edos<\/span>[&hellip;]<\/a><\/p>\n","protected":false},"author":1,"featured_media":289,"comment_status":"open","ping_status":"open","sticky":false,"template":"","format":"standard","meta":{"footnotes":""},"categories":[1,14,13],"tags":[297,299,70,300,302,303,301,306,305,307,304,308,310,311,312,313,309,136,298,96,314,315,316],"class_list":["post-358","post","type-post","status-publish","format-standard","has-post-thumbnail","hentry","category-adulto-mayor","category-consejos-y-cuidados","category-enfermeria-a-domicilio","tag-acompanamiento","tag-actividades","tag-alzheimer","tag-asistencia-domiciliaria","tag-ayuda-domiciliaria-a-familias","tag-ayuda-familiar","tag-cuidado","tag-cuidado-ninos","tag-cuidado-personas-dependientes","tag-cuidado-personas-mayores","tag-dependientes","tag-estimulacion-cognitiva","tag-fisioterapeutas-a-domicilio","tag-limpieza-a-domicilio","tag-limpieza-de-casa","tag-limpieza-del-hogar","tag-mayores","tag-parkinson","tag-personas-dependientes","tag-personas-mayores","tag-prestaciones-dependientes","tag-psicologo-a-domicilio","tag-servicios-de-limpieza"],"_links":{"self":[{"href":"https:\/\/www.sehogarelsalvador.com\/blog\/wp-json\/wp\/v2\/posts\/358","targetHints":{"allow":["GET"]}}],"collection":[{"href":"https:\/\/www.sehogarelsalvador.com\/blog\/wp-json\/wp\/v2\/posts"}],"about":[{"href":"https:\/\/www.sehogarelsalvador.com\/blog\/wp-json\/wp\/v2\/types\/post"}],"author":[{"embeddable":true,"href":"https:\/\/www.sehogarelsalvador.com\/blog\/wp-json\/wp\/v2\/users\/1"}],"replies":[{"embeddable":true,"href":"https:\/\/www.sehogarelsalvador.com\/blog\/wp-json\/wp\/v2\/comments?post=358"}],"version-history":[{"count":1,"href":"https:\/\/www.sehogarelsalvador.com\/blog\/wp-json\/wp\/v2\/posts\/358\/revisions"}],"predecessor-version":[{"id":359,"href":"https:\/\/www.sehogarelsalvador.com\/blog\/wp-json\/wp\/v2\/posts\/358\/revisions\/359"}],"wp:featuredmedia":[{"embeddable":true,"href":"https:\/\/www.sehogarelsalvador.com\/blog\/wp-json\/wp\/v2\/media\/289"}],"wp:attachment":[{"href":"https:\/\/www.sehogarelsalvador.com\/blog\/wp-json\/wp\/v2\/media?parent=358"}],"wp:term":[{"taxonomy":"category","embeddable":true,"href":"https:\/\/www.sehogarelsalvador.com\/blog\/wp-json\/wp\/v2\/categories?post=358"},{"taxonomy":"post_tag","embeddable":true,"href":"https:\/\/www.sehogarelsalvador.com\/blog\/wp-json\/wp\/v2\/tags?post=358"}],"curies":[{"name":"wp","href":"https:\/\/api.w.org\/{rel}","templated":true}]}}