{"id":360,"date":"2020-01-28T02:11:30","date_gmt":"2020-01-28T02:11:30","guid":{"rendered":"http:\/\/www.sehogarelsalvador.com\/blog\/?p=360"},"modified":"2020-01-28T02:11:30","modified_gmt":"2020-01-28T02:11:30","slug":"tabu-enfermedades-mentales-debe-romperse","status":"publish","type":"post","link":"https:\/\/www.sehogarelsalvador.com\/blog\/adulto-mayor\/tabu-enfermedades-mentales-debe-romperse\/","title":{"rendered":"Tab\u00fa enfermedades mentales: Debe romperse"},"content":{"rendered":"\n<figure class=\"wp-block-image\"><img loading=\"lazy\" decoding=\"async\" width=\"1024\" height=\"619\" src=\"https:\/\/www.sehogarelsalvador.com\/blog\/wp-content\/uploads\/2020\/01\/portada-wp-wellness-1024x619.jpg\" alt=\"\" class=\"wp-image-362\" srcset=\"https:\/\/www.sehogarelsalvador.com\/blog\/wp-content\/uploads\/2020\/01\/portada-wp-wellness-1024x619.jpg 1024w, https:\/\/www.sehogarelsalvador.com\/blog\/wp-content\/uploads\/2020\/01\/portada-wp-wellness-300x181.jpg 300w, https:\/\/www.sehogarelsalvador.com\/blog\/wp-content\/uploads\/2020\/01\/portada-wp-wellness-768x464.jpg 768w, https:\/\/www.sehogarelsalvador.com\/blog\/wp-content\/uploads\/2020\/01\/portada-wp-wellness.jpg 1996w\" sizes=\"auto, (max-width: 1024px) 100vw, 1024px\" \/><\/figure>\n\n\n\n<p><strong>La sociedad ha creado un gran tab\u00fa en torno a las personas que padecen alguna&nbsp;enfermedad&nbsp;mental. <\/strong><\/p>\n\n\n\n<p><strong>El concepto que la mayor\u00eda de la gente tiene sobre las enfermedades mentales es\u00a0completamente err\u00f3neo,<\/strong> todo es debido a la falta de conocimientos sobre estas.<\/p>\n\n\n\n<p>El <strong>principal error<\/strong> recae en que se ha creado un <strong>rechazo social <\/strong>hacia\n estas personas. Se tiende a pensar que&nbsp;una persona con alguna \nenfermedad mental&nbsp;est\u00e1 tan desequilibrada que se vuelve un monstruo. \nEsto&nbsp;no deber\u00eda ser as\u00ed, ya que<strong> pueden ser completamente aptas para afrontar su d\u00eda a d\u00eda como cualquier otra persona.<\/strong><\/p>\n\n\n\n<h2 class=\"wp-block-heading\" id=\"El-gran-tabu-creado-por-la-sociedad\">El gran tab\u00fa creado por la sociedad<\/h2>\n\n\n\n<p>El mayor problema de las enfermedades mentales y la salud del paciente que las sufre es su <strong>invisibilidad en la sociedad<\/strong>, es decir, viven en <strong>un mundo que les juzga por el diagn\u00f3stico de su enfermedad y por los estereotipos e ideas err\u00f3neas que se asocian a este.<\/strong><\/p>\n\n\n\n<p>Los estereotipos sociales son la principal barrera a la que est\u00e1n sometidas este tipo de enfermedades, esto <strong>causa\n problemas a los pacientes a la hora de relacionarse con los dem\u00e1s, de \nformar y cuidar una familia y de llevar una vida corriente, \nrepercutiendo as\u00ed en su recuperaci\u00f3n. <\/strong><\/p>\n\n\n\n<p><strong>T<\/strong><strong>odo este tab\u00fa es debido al desconocimiento y a la importancia extrema de la raz\u00f3n en la sociedad<\/strong>, provocando que se subestimen otros detalles del ser humano.<\/p>\n\n\n\n<p><strong>La desconfianza y el rechazo son lo que debemos evitar con estos pacientes<\/strong> as\u00ed, evitaremos crearles miedo por lo que los dem\u00e1s puedan decir y dejar que se expresen libremente.<\/p>\n\n\n\n<h3 class=\"wp-block-heading\" id=\"El-poder-y-la-influencia-de-las-peliculas-en-la-creacion-del-tabu\">El poder y la influencia de las pel\u00edculas en la creaci\u00f3n del tab\u00fa<\/h3>\n\n\n\n<p>Actualmente,<strong>&nbsp;vivimos en un mundo donde la cultura&nbsp;es influenciada por el cine y la televisi\u00f3n.<\/strong>&nbsp;Muchas personas creen comprender muchos aspectos de la vida a trav\u00e9s de las pel\u00edculas, a\u00fan que para ellas sean desconocidos.<\/p>\n\n\n\n<p><strong>Muchas patolog\u00edas y enfermedades mentales son reflejadas en proyectos audiovisuales <\/strong>que llegan a nuestra televisi\u00f3n o al cine que solemos ir. <strong>El problema gira en torno a como presentan a los personajes que las sufren<\/strong>, suelen tergiversar la realidad y proyectar una imagen peligrosa e incluso de monstruosa; asesinos, villanos delirantes.<\/p>\n\n\n\n<h2 class=\"wp-block-heading\" id=\"Trastornos-mentales-El-tabu-debe-romperse\">Trastornos mentales: El tab\u00fa debe romperse<\/h2>\n\n\n\n<p><strong>Para la gran mayor\u00eda de la sociedad un enfermo mental es un loco y un marginado social<\/strong>, pero son estereotipos que no deben convertirse en realidad.<\/p>\n\n\n\n<p>Las personas que sufren alg\u00fan tipo de enfermedad mental no tienen porqu\u00e9 esconderse. <strong>Padecer este tipo de afecciones no significa que no puedan ser igual de productivas, \u00fatiles y creativas que una persona sana.<\/strong> Adem\u00e1s, sus ilusiones, planes y necesidades de apoyo son iguales que las de todos, por eso <strong>tienen los mismos derechos de vivir y de sentir que cualquier otro.<\/strong><\/p>\n\n\n\n<p>Reconocer que alguien a quien \nqueremos o que nosotros mismo padecemos una enfermedad mental es algo \ncomplicado, porque en muchos \u00e1mbitos sigue siendo tab\u00fa y se crea un \nmiedo a lo que los dem\u00e1s puedan decir.<\/p>\n\n\n\n<h3 class=\"wp-block-heading\" id=\"La-realidad-de-las-enfermedades-mentales\">La realidad de las enfermedades mentales<\/h3>\n\n\n\n<p>Este tipo de enfermedades son <strong>mucho m\u00e1s comunes de lo que pensamos<\/strong> y es algo que podemos llegar a sufrir todos en cualquier momento de nuestra vida. <strong>1 de cada 4 personas en el mundo sufrir\u00e1 a lo largo de su vida alg\u00fan problema de salud mental. <\/strong><\/p>\n\n\n\n<p><strong>La mayor\u00eda de<\/strong> <strong>enfermos mentales<\/strong>, por culpa de los tab\u00fas de la sociedad, <strong>tienden a negar los s\u00edntomas que padecen y les cuesta pedir ayuda<\/strong>.\n En vez de visitar a un especialista en el tema de la salud mental, \nacuden a su m\u00e9dico cl\u00ednico habitual. Este \u00faltimo tiende a decir \u201cUsted \nno tiene nada\u201d, aunque el paciente presente s\u00edntomas claros, pero no \nf\u00edsicos.<\/p>\n\n\n\n<p>Existe una gran variedad de trastornos mentales, cada uno de ellos se manifiesta de manera distinta, pero\u00a0<strong>en  general, todos se caracterizan por una combinaci\u00f3n de alteraciones del  pensamiento, la percepci\u00f3n, las emociones, la conducta y las relaciones  sociales.<\/strong><\/p>\n\n\n\n<h2 class=\"wp-block-heading\" id=\"Salud-mental-Todo-lo-que-debes-saber\">Salud mental: Todo lo que debes saber<\/h2>\n\n\n\n<p>Los trastornos mentales son <strong>afecciones que tienen un impacto en el pensamiento, estado de \u00e1nimo, comportamientos y sentimientos del paciente<\/strong> que sufre alguna de estas enfermedades. Pueden ser <strong>cr\u00f3nicas u&nbsp;ocasionales<\/strong>. Tambi\u00e9n pueden afectar a su capacidad de relacionarse con otras personas y a su vida en general.<\/p>\n\n\n\n<h3 class=\"wp-block-heading\" id=\"Patologias-comunes-en-salud-mental\">Patolog\u00edas comunes en salud mental<\/h3>\n\n\n\n<p>Existen muchos tipos de enfermedades mentales, pero las m\u00e1s comunes son:<\/p>\n\n\n\n<ul class=\"wp-block-list\"><li>Trastornos de p\u00e1nico, ansiedad, obsesivo-compulsivo y fobias.<\/li><li>Trastornos del estado de \u00e1nimo como la depresi\u00f3n o la bipolaridad.<\/li><li>Trastornos alimentarios.<\/li><li>Trastornos de personalidad.<\/li><li>Trastornos psic\u00f3ticos como la esquizofrenia.<\/li><\/ul>\n\n\n\n<h3 class=\"wp-block-heading\" id=\"Causas-de-las-enfermedades-mentales\">Causas de las enfermedades mentales<\/h3>\n\n\n\n<p>Los trastornos mentales no son creados por el car\u00e1cter de la persona. Existen varios <strong>factores riesgo<\/strong> que pueden contribuir en la aparici\u00f3n de las diferentes enfermedades mentales:<\/p>\n\n\n\n<ul class=\"wp-block-list\"><li>Genes.<\/li><li>Historia familiar.<\/li><li>Lesi\u00f3n cerebral traum\u00e1tica.<\/li><li>Consumo de alcohol y otras drogas.<\/li><li>Experiencias de vida: exposici\u00f3n a altos niveles de estr\u00e9s, malas relaciones sociales&nbsp;o ser v\u00edctima de abusos.<\/li><li>Otros.<\/li><\/ul>\n\n\n\n<h3 class=\"wp-block-heading\" id=\"Quien-puede-desarrollar-un-trastorno-mental\">Qui\u00e9n puede desarrollar un trastorno mental<\/h3>\n\n\n\n<p>Como hemos observado <strong>todos <\/strong>podemos llegar a ser diagnosticados con alg\u00fan tipo de trastorno mental a lo largo de nuestra vida.<\/p>\n\n\n\n<h3 class=\"wp-block-heading\" id=\"Como-tratar-a-una-persona-con-un-trastorno-mental\">C\u00f3mo tratar a una persona con un trastorno mental<\/h3>\n\n\n\n<p>Muchas personas que sufren problemas \nde salud mental tienen varias crisis antes de ser diagnosticados, otros \nles cuesta admitir que est\u00e1n enfermos debido al tab\u00fa de la sociedad y \npara otros el diagn\u00f3stico son respuestas a sus demonios internos. <\/p>\n\n\n\n<p><strong>Cada persona es un mundo y \ndebemos adaptarnos a su enfermedad y a sus necesidades, a parte de \nrode\u00e1ndolos de amor, acept\u00e1ndolos como son y entendiendo que pueden \nvivir una crisis como el que tiene una bajada de tensi\u00f3n.<\/strong><\/p>\n\n\n\n<p>Despu\u00e9s del diagn\u00f3stico, muchas \nfamilias y m\u00e9dicos consideran que lo mejor para este paciente es el \naislamiento y los medicamentos, pero esto no es cierto. <strong>Varios \npsic\u00f3logos y psiquiatras profesionales han demostrado que la mejor forma\n de ayudar a estos pacientes es integrarlos en la sociedad y ayudarlos a\n sentirse uno m\u00e1s.<\/strong><\/p>\n\n\n\n<p><strong>Debemos ser conscientes de que una persona con un trastorno puede llevar la misma vida que todos<\/strong>, solo <strong>necesitan un poco m\u00e1s de apoyo de los dem\u00e1s,<\/strong> aunque algunos necesitar\u00e1n m\u00e1s cuidados que otros, dependiendo del tipo&nbsp;de enfermedad y de la etapa en que se encuentren.<\/p>\n\n\n\n<h2 class=\"wp-block-heading\" id=\"Dependencia-y-salud-mental-en-adultos-mayores\">Dependencia y salud mental en adultos mayores<\/h2>\n\n\n\n<p>Las personas que sufren\u00a0m\u00e1s frecuentemente trastornos psiqui\u00e1tricos son los ancianos. Existen ciertas <strong>enfermedades y patolog\u00edas relacionadas con la tercera edad.<\/strong><\/p>\n\n\n\n<p>En la <strong>primera etapa de la vejez<\/strong> (65-75 a\u00f1os) suelen sufrir <strong>depresi\u00f3n<\/strong>, debido al cambio de rutina que provoca la jubilaci\u00f3n. <\/p>\n\n\n\n<p>En la <strong>segunda etapa<\/strong> sigue prevaleciendo la depresi\u00f3n, pero en la mayor\u00eda de caso tambi\u00e9n aparece la <strong>demencia<\/strong>. <\/p>\n\n\n\n<p><strong>Cuando un anciano sufre  cualquier tipo de problema mental tiende a sentirse in\u00fatil para la  sociedad y sus seres queridos y no tienden a pedir ayuda.<\/strong> Si  adem\u00e1s padece alg\u00fan tipo de demencia, a\u00fan requiere de m\u00e1s cuidados  debido a las dificultades que se le presentan al realizar la mayor\u00eda de  las tareas de su d\u00eda a d\u00eda. <strong>La vejez es todo un reto y nuestro deber es ayudarles aunque no lo pidan.<\/strong> <\/p>\n\n\n\n<p>Debemos tener en cuenta que <strong>lo \u00fanico que quieren y necesitan las personas de la tercera edad es cari\u00f1o y atenci\u00f3n<\/strong>, as\u00ed podemos ayudarles a evitar la soledad\u00a0y, a su vez, la depresi\u00f3n.<\/p>\n\n\n\n<h3 class=\"wp-block-heading\" id=\"Cuidados-para-personas-mayores\">Cuidados para personas mayores<\/h3>\n\n\n\n<p><strong>La mayor\u00eda de familias creen que lo mejor es gastarse una millonada en una residencia u\u00a0hospital<\/strong> para encerrarlos ah\u00ed, que se relacionen con personas de su misma edad\u00a0y que los cuiden. Esto es un <strong>error<\/strong>, porque separamos a la persona de su hogar, cuando <strong>lo mejor es ser tratados y cuidados en casa.<\/strong>\u00a0Es muy importante que las familias conozcan cu\u00e1ndo escoger una residencia, un cuidador o ambas.<\/p>\n\n\n\n<p><strong>Debemos ser conscientes de que una persona con un trastorno puede llevar la misma vida que todos<\/strong>, solo necesitan un poco m\u00e1s de apoyo de los dem\u00e1s. Aqu\u00ed empieza la tarea y las <strong>ventajas de los cuidadores a domicilio<\/strong>.\u00a0<\/p>\n\n\n\n<p>En <a href=\"http:\/\/www.sehogarelsalvador.com\/\">SEHOGAR<\/a> te ofrecemos la <strong>soluci\u00f3n de calidad para el cuidado del mayor de tu hogar.<\/strong> Los servicios de cuidadores asistencia domiciliaria\u00a0son 100% adaptables a las\u00a0necesidades de tus mayores y a las tuyas. Adem\u00e1s, <strong>podr\u00e1s  evitar encerrarlo en una residencia y permitirle seguir envejeciendo en  su entorno habitual con compa\u00f1\u00eda, seguridad y atenci\u00f3n personalizada.\u00a0<\/strong><\/p>\n","protected":false},"excerpt":{"rendered":"<p>La sociedad ha creado un gran tab\u00fa en torno a las personas que padecen alguna&nbsp;enfermedad&nbsp;mental. El concepto que la mayor\u00eda de la gente tiene sobre las enfermedades mentales es\u00a0completamente err\u00f3neo, todo es debido a la falta de conocimientos sobre estas. El principal error recae en que se ha creado un rechazo social hacia estas personas. <a href=\"https:\/\/www.sehogarelsalvador.com\/blog\/adulto-mayor\/tabu-enfermedades-mentales-debe-romperse\/\" rel=\"nofollow\"><span class=\"sr-only\">Leer m\u00e1sTab\u00fa enfermedades mentales: Debe romperse<\/span>[&hellip;]<\/a><\/p>\n","protected":false},"author":1,"featured_media":362,"comment_status":"open","ping_status":"open","sticky":false,"template":"","format":"standard","meta":{"footnotes":""},"categories":[1,14,3,13],"tags":[297,299,70,300,302,303,301,306,305,307,304,308,310,311,312,313,309,136,298,96,314,315,316],"class_list":["post-360","post","type-post","status-publish","format-standard","has-post-thumbnail","hentry","category-adulto-mayor","category-consejos-y-cuidados","category-enfermeria","category-enfermeria-a-domicilio","tag-acompanamiento","tag-actividades","tag-alzheimer","tag-asistencia-domiciliaria","tag-ayuda-domiciliaria-a-familias","tag-ayuda-familiar","tag-cuidado","tag-cuidado-ninos","tag-cuidado-personas-dependientes","tag-cuidado-personas-mayores","tag-dependientes","tag-estimulacion-cognitiva","tag-fisioterapeutas-a-domicilio","tag-limpieza-a-domicilio","tag-limpieza-de-casa","tag-limpieza-del-hogar","tag-mayores","tag-parkinson","tag-personas-dependientes","tag-personas-mayores","tag-prestaciones-dependientes","tag-psicologo-a-domicilio","tag-servicios-de-limpieza"],"_links":{"self":[{"href":"https:\/\/www.sehogarelsalvador.com\/blog\/wp-json\/wp\/v2\/posts\/360","targetHints":{"allow":["GET"]}}],"collection":[{"href":"https:\/\/www.sehogarelsalvador.com\/blog\/wp-json\/wp\/v2\/posts"}],"about":[{"href":"https:\/\/www.sehogarelsalvador.com\/blog\/wp-json\/wp\/v2\/types\/post"}],"author":[{"embeddable":true,"href":"https:\/\/www.sehogarelsalvador.com\/blog\/wp-json\/wp\/v2\/users\/1"}],"replies":[{"embeddable":true,"href":"https:\/\/www.sehogarelsalvador.com\/blog\/wp-json\/wp\/v2\/comments?post=360"}],"version-history":[{"count":1,"href":"https:\/\/www.sehogarelsalvador.com\/blog\/wp-json\/wp\/v2\/posts\/360\/revisions"}],"predecessor-version":[{"id":363,"href":"https:\/\/www.sehogarelsalvador.com\/blog\/wp-json\/wp\/v2\/posts\/360\/revisions\/363"}],"wp:featuredmedia":[{"embeddable":true,"href":"https:\/\/www.sehogarelsalvador.com\/blog\/wp-json\/wp\/v2\/media\/362"}],"wp:attachment":[{"href":"https:\/\/www.sehogarelsalvador.com\/blog\/wp-json\/wp\/v2\/media?parent=360"}],"wp:term":[{"taxonomy":"category","embeddable":true,"href":"https:\/\/www.sehogarelsalvador.com\/blog\/wp-json\/wp\/v2\/categories?post=360"},{"taxonomy":"post_tag","embeddable":true,"href":"https:\/\/www.sehogarelsalvador.com\/blog\/wp-json\/wp\/v2\/tags?post=360"}],"curies":[{"name":"wp","href":"https:\/\/api.w.org\/{rel}","templated":true}]}}