{"id":380,"date":"2020-03-12T04:49:35","date_gmt":"2020-03-12T04:49:35","guid":{"rendered":"http:\/\/www.sehogarelsalvador.com\/blog\/?p=380"},"modified":"2020-03-12T04:49:35","modified_gmt":"2020-03-12T04:49:35","slug":"coronavirus-covid-19-afecta-principalmente-a-personas-mayores","status":"publish","type":"post","link":"https:\/\/www.sehogarelsalvador.com\/blog\/adulto-mayor\/coronavirus-covid-19-afecta-principalmente-a-personas-mayores\/","title":{"rendered":"Coronavirus COVID-19 \u00bfAfecta principalmente a personas mayores?"},"content":{"rendered":"\n<figure class=\"wp-block-image\"><img loading=\"lazy\" decoding=\"async\" width=\"1024\" height=\"683\" src=\"https:\/\/www.sehogarelsalvador.com\/blog\/wp-content\/uploads\/2020\/03\/mascarilla-1024x683.jpeg\" alt=\"\" class=\"wp-image-381\" srcset=\"https:\/\/www.sehogarelsalvador.com\/blog\/wp-content\/uploads\/2020\/03\/mascarilla-1024x683.jpeg 1024w, https:\/\/www.sehogarelsalvador.com\/blog\/wp-content\/uploads\/2020\/03\/mascarilla-300x200.jpeg 300w, https:\/\/www.sehogarelsalvador.com\/blog\/wp-content\/uploads\/2020\/03\/mascarilla-768x512.jpeg 768w, https:\/\/www.sehogarelsalvador.com\/blog\/wp-content\/uploads\/2020\/03\/mascarilla-750x500.jpeg 750w, https:\/\/www.sehogarelsalvador.com\/blog\/wp-content\/uploads\/2020\/03\/mascarilla.jpeg 1600w\" sizes=\"auto, (max-width: 1024px) 100vw, 1024px\" \/><\/figure>\n\n\n\n<p> Las noticias <strong>anuncian cerca de 120.000 personas contagiadas por Coronavirus en todo el planeta<\/strong>,  alrededor de 3.000 fallecidos y m\u00e1s de medio centenar de pa\u00edses  afectados por esta enfermedad. Desde que se dieran a conocer los  primeros casos <strong>en China, las cifras no han dejado de aumentar<\/strong>, al igual que la preocupaci\u00f3n generada a nivel mundial. Motivo por el cual las <strong>autoridades sanitarias en todos los paises<\/strong> se han pronunciado, <strong>haciendo un llamado a la calma.\u00a0<\/strong><\/p>\n\n\n\n<h2 class=\"wp-block-heading\"><strong>\u00bfQu\u00e9 es el Coronavirus? Origen y expansi\u00f3n<\/strong><\/h2>\n\n\n\n<p>A finales\nde diciembre saltaban las alarmas en la <strong>ciudad china de Wuhan<\/strong>. Aunque el\norigen del virus sigue siendo un enigma, el foco de expansi\u00f3n se sit\u00faa en un\nmercado de abastos de esta ciudad. La <strong>presunta falta de controles sanitarios\npodr\u00eda haber sido el origen de esta crisis<\/strong> de salud a nivel mundial.<\/p>\n\n\n\n<p>Y es que\nen apenas dos meses <strong>la infecci\u00f3n ha alcanzado ya a m\u00e1s de medio centenar de\npa\u00edses<\/strong>. A medida que el virus parece remitir en el origen, otros muchos\npuntos del planeta empiezan a sufrir las primeras consecuencias del contagio.<\/p>\n\n\n\n<p>Sin duda uno de los <strong>casos m\u00e1s medi\u00e1ticos<\/strong> ha sido el de la cuarentena decretada en muchas ciudades importantes de Europa. Tambi\u00e9n es significativa la situaci\u00f3n en el norte de Italia, donde se suspendieron los m\u00edticos Carnavales de Venecia y lugares emblem\u00e1ticos como la \u00d3pera de Mil\u00e1n cerraban las puertas al p\u00fablico.<\/p>\n\n\n\n<h2 class=\"wp-block-heading\">Fases de la evoluci\u00f3n<strong> del Coronavirus<\/strong><\/h2>\n\n\n\n<p>A medida que pasan los d\u00edas se van conociendo m\u00e1s datos no s\u00f3lo acerca de\nprevalencia del virus sino de sus caracter\u00edsticas. Esta informaci\u00f3n resulta\nesencial a la hora de <strong>establecer protocolos de prevenci\u00f3n con los\ngrupos de poblaci\u00f3n m\u00e1s vulnerables<\/strong>: las personas de edad avanzada y\naquellas que presentan afecciones m\u00e9dicas preexistentes.<\/p>\n\n\n\n<p>No obstante, hay que tener en cuenta que <strong>el Coronavirus puede\nafectar a individuos de todas las edades<\/strong>, por lo que las fases de\nevoluci\u00f3n de la infecci\u00f3n son las mismas en un ni\u00f1o que en una persona de edad\navanzada.<\/p>\n\n\n\n<h3 class=\"wp-block-heading\"><strong>Contagio<\/strong><\/h3>\n\n\n\n<p><strong>El Coronavirus presenta grandes similitudes con el virus de la gripe<\/strong>.\nAl igual que esta, se <strong>transmite por v\u00eda a\u00e9rea, a trav\u00e9s de las mucosas<\/strong>\ny en menor medida mediante objetos o sustancias que se hayan contaminado muy\nrecientemente. Conviene <strong>desmontar las falsas informaciones<\/strong> que\napuntan al contagio a trav\u00e9s de las mascotas o los env\u00edos postales.<\/p>\n\n\n\n<h3 class=\"wp-block-heading\"><strong>Incubaci\u00f3n<\/strong><\/h3>\n\n\n\n<p>Existen sospechas de que el virus se podr\u00eda transmitir tambi\u00e9n sin presentar\nsintomatolog\u00eda y, por lo tanto, es importante tener en cuenta su per\u00edodo de\nincubaci\u00f3n. <strong>Seg\u00fan el epidemi\u00f3logo chino Zhong Nanshan<\/strong>, figura\ndestacable en la gesti\u00f3n del brote de SRAS originado en China en 2003, este\nper\u00edodo <strong>podr\u00eda alcanzar los 24 d\u00edas<\/strong>. Sin embargo, <strong>las\nactuales disposiciones de cuarentena en <\/strong><strong>El\nSalvador <\/strong><strong>tienen un per\u00edodo de <\/strong><strong>30\nd\u00edas. <\/strong>Enfoc\u00e1ndose en las personas que entran al pa\u00eds procedentes de ciudades\nque se contabilizan mayor n\u00famero de infectados por el virus.<\/p>\n\n\n\n<h3 class=\"wp-block-heading\"><strong>S\u00edntomas<\/strong><\/h3>\n\n\n\n<p><strong>El COVID-19 o neumon\u00eda de Wuhan<\/strong>, m\u00e1s conocido como Coronavirus, a pesar de ser esta una definici\u00f3n poco precisa, se presenta en sus inicios como un cuadro muy parecido al de una gripe o resfriado severo: <strong>cefalea, malestar general, tos seca, secreci\u00f3n nasal, dificultades respiratorias y fiebre.<\/strong><\/p>\n\n\n\n<h2 class=\"wp-block-heading\"><strong>\u00bfEs cierto que los ancianos son m\u00e1s vulnerables al\nCOVID-19?<\/strong><\/h2>\n\n\n\n<p>Las fases\nde evoluci\u00f3n del Coronavirus no son una herramienta totalmente fiable para la\ngesti\u00f3n de la enfermedad. No se puede obviar que el espectro cl\u00ednico de esta\ninfecci\u00f3n es sorprendentemente amplio y se extiende desde los cuadros\nasintom\u00e1ticos hasta las afecciones m\u00e1s graves capaces de causar <strong>la muerte\ndel paciente.<\/strong><\/p>\n\n\n\n<figure class=\"wp-block-image\"><img decoding=\"async\" src=\"blob:http:\/\/www.sehogarelsalvador.com\/bce9256d-2c84-4c76-907f-96e0e4f7259b\" alt=\"\"\/><\/figure>\n\n\n\n<p>Son estos\n\u00faltimos casos los que m\u00e1s preocupantes resultan desde la perspectiva de los <strong>ancianos\ncontagiados por COVID-19<\/strong>, ya que se trata de un grupo de poblaci\u00f3n en el\nque son m\u00e1s frecuentes las enfermedades cr\u00f3nicas y la inmunodepresi\u00f3n. <strong>No es\npor lo tanto de una cuesti\u00f3n de edad sino del estado general de salud de cada\nindividuo.<\/strong><\/p>\n\n\n\n<p>Con todo,\nes de destacar que el <strong>grado de mortalidad del Coronavirus<\/strong> se mueve en\nunos par\u00e1metros muy reducidos: <strong>entre el 2 y el 4% en la ciudad de Wuhan y\napenas un 0,7% en el resto del mundo.<\/strong> Aunque es cierto que su incidencia\nsupera notablemente la del SRAS en 2003, el S\u00edndrome Respiratorio Agudo Grave\nque provoc\u00f3 774 muertes en todo el mundo, tambi\u00e9n hay que subrayar que en\nporcentajes, el nivel de mortalidad de este otro virus perteneciente tambi\u00e9n a\nla familia de los coronavirus superaba el 10%.<\/p>\n\n\n\n<h2 class=\"wp-block-heading\"><strong>Prevenci\u00f3n del Coronavirus y consejos para su\ncuidado<\/strong><\/h2>\n\n\n\n<p>Tras\nconocerse los primeros casos de Coronavirus en Centro Am\u00e9rica se ha empezado a\ngenerar cierta alarma social alimentada por rumores y mitos que no resultan de\ngran ayuda. Para <strong>tratar el Coronavirus en ancianos y otros grupos de\npoblaci\u00f3n vulnerables<\/strong>, es importante prestar atenci\u00f3n a las <strong>medidas de\nprevenci\u00f3n<\/strong> indicadas por fuentes oficiales como la Organizaci\u00f3n Mundial de\nla Salud o el Ministerio de Salud y que te resumimos brevemente en estos\npuntos.<\/p>\n\n\n\n<ul class=\"wp-block-list\"><li><strong>Lavarse las manos con\n     frecuencia<\/strong>,\n     preferiblemente con agua y jab\u00f3n, y no confiar solamente en el alcohol en gel\n     ya que este solo es anti-bacterial. <\/li><li>En el caso de toser o\n     estornudar, hacerlo en la parte interna del codo o sobre un <strong>pa\u00f1uelo\n     desechable que cubra la nariz y la boca.<\/strong><\/li><li>Usar mascarillas comunes <strong>no\n     previene el contagio<\/strong> y c<strong>omprarlas de manera masiva es una\n     irresponsabilidad<\/strong>. Hay personas con patolog\u00edas graves no relacionadas\n     con el coronavirus que s\u00ed necesitan mascarillas y se est\u00e1n viendo\n     afectadas por problemas de desabastecimiento. S\u00f3lo han de emplearse en\n     caso de estar infectado o en contacto directo con un infectado<\/li><li>Mantener una distancia de al\n     menos 1 metro con personas que presenten s\u00edntomas de resfriado.<\/li><li><strong>No saturar los servicios de\n     urgencia<\/strong>. En\n     el caso de que tengas sospechas de que t\u00fa o uno de tus familiares ha sido\n     contagiado, llama al 123 y te explicar\u00e1n el procedimiento a seguir. <strong>NO\n     TE AUTOMEDIQUES<\/strong><\/li><\/ul>\n\n\n\n<p><strong>El\nCOVID-19, al igual que el SRAS<\/strong>, pertenece al grupo de los denominados coronavirus\ndescubiertos en la d\u00e9cada de los 60. Se presenta con la misma sintomatolog\u00eda\nque una gripe o resfriado severo y aunque puede afectar a personas de todas las\nedades <strong>resulta especialmente peligroso en ancianos con otras complicaciones\nde salud<\/strong> <strong>y pacientes con enfermedades cr\u00f3nicas.<\/strong> En porcentajes, su\nnivel de mortalidad es muy reducido y la histeria colectiva que alimenta falsos\nmitos como el uso de las mascarillas no est\u00e1 justificada. <strong>Mantener la calma,\nunas buenas pautas de higiene y los cuidados habituales son la clave de la\nprevenci\u00f3n.<\/strong><\/p>\n","protected":false},"excerpt":{"rendered":"<p>Las noticias anuncian cerca de 120.000 personas contagiadas por Coronavirus en todo el planeta, alrededor de 3.000 fallecidos y m\u00e1s de medio centenar de pa\u00edses afectados por esta enfermedad. Desde que se dieran a conocer los primeros casos en China, las cifras no han dejado de aumentar, al igual que la preocupaci\u00f3n generada a nivel <a href=\"https:\/\/www.sehogarelsalvador.com\/blog\/adulto-mayor\/coronavirus-covid-19-afecta-principalmente-a-personas-mayores\/\" rel=\"nofollow\"><span class=\"sr-only\">Leer m\u00e1sCoronavirus COVID-19 \u00bfAfecta principalmente a personas mayores?<\/span>[&hellip;]<\/a><\/p>\n","protected":false},"author":1,"featured_media":381,"comment_status":"open","ping_status":"open","sticky":false,"template":"","format":"standard","meta":{"footnotes":""},"categories":[1,14,3,13,170],"tags":[263,302,303,322,327,328,320,319,317,321,318,323,329,324,330,326,325],"class_list":["post-380","post","type-post","status-publish","format-standard","has-post-thumbnail","hentry","category-adulto-mayor","category-consejos-y-cuidados","category-enfermeria","category-enfermeria-a-domicilio","category-salud-y-bienestar","tag-ancianos","tag-ayuda-domiciliaria-a-familias","tag-ayuda-familiar","tag-bacterial","tag-biomedicas","tag-chikungunya","tag-china","tag-coronavid19","tag-coronavirus","tag-covid19","tag-cuarentena","tag-lavadodemanos","tag-neumonia","tag-pandemia","tag-studygram","tag-virologia","tag-virus"],"_links":{"self":[{"href":"https:\/\/www.sehogarelsalvador.com\/blog\/wp-json\/wp\/v2\/posts\/380","targetHints":{"allow":["GET"]}}],"collection":[{"href":"https:\/\/www.sehogarelsalvador.com\/blog\/wp-json\/wp\/v2\/posts"}],"about":[{"href":"https:\/\/www.sehogarelsalvador.com\/blog\/wp-json\/wp\/v2\/types\/post"}],"author":[{"embeddable":true,"href":"https:\/\/www.sehogarelsalvador.com\/blog\/wp-json\/wp\/v2\/users\/1"}],"replies":[{"embeddable":true,"href":"https:\/\/www.sehogarelsalvador.com\/blog\/wp-json\/wp\/v2\/comments?post=380"}],"version-history":[{"count":1,"href":"https:\/\/www.sehogarelsalvador.com\/blog\/wp-json\/wp\/v2\/posts\/380\/revisions"}],"predecessor-version":[{"id":383,"href":"https:\/\/www.sehogarelsalvador.com\/blog\/wp-json\/wp\/v2\/posts\/380\/revisions\/383"}],"wp:featuredmedia":[{"embeddable":true,"href":"https:\/\/www.sehogarelsalvador.com\/blog\/wp-json\/wp\/v2\/media\/381"}],"wp:attachment":[{"href":"https:\/\/www.sehogarelsalvador.com\/blog\/wp-json\/wp\/v2\/media?parent=380"}],"wp:term":[{"taxonomy":"category","embeddable":true,"href":"https:\/\/www.sehogarelsalvador.com\/blog\/wp-json\/wp\/v2\/categories?post=380"},{"taxonomy":"post_tag","embeddable":true,"href":"https:\/\/www.sehogarelsalvador.com\/blog\/wp-json\/wp\/v2\/tags?post=380"}],"curies":[{"name":"wp","href":"https:\/\/api.w.org\/{rel}","templated":true}]}}