{"id":431,"date":"2020-09-29T03:29:02","date_gmt":"2020-09-29T03:29:02","guid":{"rendered":"http:\/\/www.sehogarelsalvador.com\/blog\/?p=431"},"modified":"2020-09-30T02:23:57","modified_gmt":"2020-09-30T02:23:57","slug":"renunciar-al-trabajo-para-el-cuidado-de-nuestros-padres-mayores","status":"publish","type":"post","link":"https:\/\/www.sehogarelsalvador.com\/blog\/adulto-mayor\/renunciar-al-trabajo-para-el-cuidado-de-nuestros-padres-mayores\/","title":{"rendered":"\u00bfRenunciar al trabajo para el cuidado de nuestros padres mayores?"},"content":{"rendered":"\n<figure class=\"wp-block-image\"><img loading=\"lazy\" decoding=\"async\" width=\"848\" height=\"565\" src=\"https:\/\/www.sehogarelsalvador.com\/blog\/wp-content\/uploads\/2020\/09\/iStock_82510027_SMALL.jpg\" alt=\"\" class=\"wp-image-432\" srcset=\"https:\/\/www.sehogarelsalvador.com\/blog\/wp-content\/uploads\/2020\/09\/iStock_82510027_SMALL.jpg 848w, https:\/\/www.sehogarelsalvador.com\/blog\/wp-content\/uploads\/2020\/09\/iStock_82510027_SMALL-300x200.jpg 300w, https:\/\/www.sehogarelsalvador.com\/blog\/wp-content\/uploads\/2020\/09\/iStock_82510027_SMALL-768x512.jpg 768w, https:\/\/www.sehogarelsalvador.com\/blog\/wp-content\/uploads\/2020\/09\/iStock_82510027_SMALL-750x500.jpg 750w\" sizes=\"auto, (max-width: 848px) 100vw, 848px\" \/><\/figure>\n\n\n\n<p>Perder oportunidades profesionales, limitar nuestra productividad en \nel trabajo, disminuir la jornada laboral o incluso renunciar a un \nempleo. <strong>Convertirse en el cuidador o cuidadora de nuestros padres mayores<\/strong>\n puede conllevar repercusiones negativas en el \u00e1mbito profesional. Sin \nembargo, existen otras alternativas para que no tengas que comprometer \ntu situaci\u00f3n laboral ni el bienestar de tus seres queridos.<\/p>\n\n\n\n<h2 class=\"wp-block-heading\">Dudas a la hora de convertirse en la cuidadora de padres mayores<\/h2>\n\n\n\n<p>A medida que pasa el tiempo las necesidades de las personas mayores van cambiando. El <strong>ejemplo m\u00e1s claro<\/strong> y cercano<strong> lo tenemos en nuestros propios padres<\/strong>.\n Incluso en aquellas circunstancias en las que conserven un buen estado \nde salud y disfruten de su autonom\u00eda, es normal que cada vez necesitemos\n estar m\u00e1s pendientes de ellos. <\/p>\n\n\n\n<p>El envejecimiento de los padres y los <strong>cambios f\u00edsicos y psicol\u00f3gicos<\/strong> asociados a este, generan muchas dudas en los hijos que se plantean <strong>asumir el papel principal como cuidadores&nbsp;o&nbsp;cuidadoras<\/strong>: <\/p>\n\n\n\n<ul class=\"wp-block-list\"><li>\u00bfEstar\u00e9 capacitado para ofrecerles la asistencia que necesitan?<br><\/li><li>\u00bfCambiar\u00e1 mi vida familiar y social al convertirme en cuidadora de mis padres?<br><\/li><li>\u00bfSe resentir\u00e1 la relaci\u00f3n con mis padres debido a este cambio?<br><\/li><li>\u00bfMis padres preferir\u00e1n ser cuidados en su propia casa o deber\u00edan trasladarse a la m\u00eda?<br><\/li><li>\u00bfAfectar\u00e1 de alg\u00fan modo a mi nivel econ\u00f3mico?<br><\/li><li>\u00bfTendr\u00e9 que abandonar mi trabajo para asumir esta nueva situaci\u00f3n?<br><\/li><\/ul>\n\n\n\n<p>Todas estas <strong>dudas no solo reflejan la angustia <\/strong>que para la mayor\u00eda de las personas genera este nuevo escenario, sino la importancia de una <strong>decisi\u00f3n que tiene muchas otras implicaciones<\/strong> y que, por lo tanto, no se deber\u00eda tomar a la ligera sobre el <strong>cuidado de nuestros padres mayores.<\/strong><\/p>\n\n\n\n<figure class=\"wp-block-image\"><a href=\"http:\/\/www.sehogarelsalvador.com\/\" target=\"_blank\" rel=\"noreferrer noopener\"><img loading=\"lazy\" decoding=\"async\" width=\"1024\" height=\"508\" src=\"https:\/\/www.sehogarelsalvador.com\/blog\/wp-content\/uploads\/2020\/05\/POST-BLOG-1024x508.png\" alt=\"\" class=\"wp-image-395\" srcset=\"https:\/\/www.sehogarelsalvador.com\/blog\/wp-content\/uploads\/2020\/05\/POST-BLOG-1024x508.png 1024w, https:\/\/www.sehogarelsalvador.com\/blog\/wp-content\/uploads\/2020\/05\/POST-BLOG-300x149.png 300w, https:\/\/www.sehogarelsalvador.com\/blog\/wp-content\/uploads\/2020\/05\/POST-BLOG-768x381.png 768w, https:\/\/www.sehogarelsalvador.com\/blog\/wp-content\/uploads\/2020\/05\/POST-BLOG.png 1150w\" sizes=\"auto, (max-width: 1024px) 100vw, 1024px\" \/><\/a><\/figure>\n\n\n\n<h2 class=\"wp-block-heading\">El cuidado de nuestros padres mayores y el absentismo laboral<\/h2>\n\n\n\n<p>De entre todas las dificultades asociadas al cuidado de los adultos mayores, uno de los principales <strong>problemas es el del absentismo laboral<\/strong>. <strong>Cuidar personas mayores<\/strong> no solo implica una gran responsabilidad sino una carga extra de trabajo. <strong>Esto aumenta los niveles de estr\u00e9s y de ansiedad,<\/strong>  llega a resultar abrumador para el cuidador no profesional, est\u00e1  asociado al insomnio y a la p\u00e9rdida de concentraci\u00f3n y, evidentemente, <strong>afecta de forma negativa al rendimiento en el trabajo<\/strong>. <\/p>\n\n\n\n<p>Con el <strong>cuidado de los padres surgen otras obligaciones<\/strong> paralelas a las obligaciones laborales que no siempre son compatibles y que derivan en faltas continuadas al trabajo. <strong>\u00bfSe puede ser cuidador y mantener un puesto de empleo?<\/strong>  Todo depende de las condiciones en las que se encuentre el familiar  mayor que tenemos a nuestro cuidado, de las exigencias de horarios  dentro y fuera de casa y de las particularidades del propio puesto de  trabajo. No obstante, compaginar ambas cosas por lo general <strong>no resulta lo m\u00e1s efectivo ni lo m\u00e1s recomendable<\/strong>. Estar al cuidado de una persona mayor es de por s\u00ed un <strong>trabajo que implica mucha dedicaci\u00f3n e implicaci\u00f3n.<\/strong><\/p>\n\n\n\n<figure class=\"wp-block-image\"><img loading=\"lazy\" decoding=\"async\" width=\"1024\" height=\"683\" src=\"https:\/\/www.sehogarelsalvador.com\/blog\/wp-content\/uploads\/2019\/07\/ae4d509ceb4a4bc6970f67556fc84669-1024x683.jpg\" alt=\"\" class=\"wp-image-325\" srcset=\"https:\/\/www.sehogarelsalvador.com\/blog\/wp-content\/uploads\/2019\/07\/ae4d509ceb4a4bc6970f67556fc84669-1024x683.jpg 1024w, https:\/\/www.sehogarelsalvador.com\/blog\/wp-content\/uploads\/2019\/07\/ae4d509ceb4a4bc6970f67556fc84669-300x200.jpg 300w, https:\/\/www.sehogarelsalvador.com\/blog\/wp-content\/uploads\/2019\/07\/ae4d509ceb4a4bc6970f67556fc84669-768x512.jpg 768w, https:\/\/www.sehogarelsalvador.com\/blog\/wp-content\/uploads\/2019\/07\/ae4d509ceb4a4bc6970f67556fc84669-750x500.jpg 750w\" sizes=\"auto, (max-width: 1024px) 100vw, 1024px\" \/><\/figure>\n\n\n\n<h2 class=\"wp-block-heading\">\u00bfC\u00f3mo compatibilizar la vida laboral con el cuidado de los padres mayores?<\/h2>\n\n\n\n<p>La renuncia a la vida profesional para dedicarnos al cuidado de  nuestros padres no es la \u00fanica alternativa. No obstante, si tus  circunstancias personales y las de tus familiares indican que es la  soluci\u00f3n m\u00e1s beneficiosa para todos, debes tener en cuenta que al <strong>convertirte en un cuidador no profesional<\/strong> puedes acceder a algunas ayudas. <\/p>\n\n\n\n<p><strong>\u00bfQu\u00e9 otras soluciones existen si quieres conservar tu puesto de empleo?<\/strong>\n Si por cuestiones econ\u00f3micas, de tiempo o de falta de conocimientos \nespec\u00edficos para desempe\u00f1ar el trabajo como cuidadora prefieres que \notras personas se encarguen de esta tarea mientras t\u00fa contin\u00faas con tu \ntrabajo,<strong> las alternativas disponibles son:<\/strong><\/p>\n\n\n\n<ul class=\"wp-block-list\"><li>Buscar apoyo en una <strong>residencia de ancianos<\/strong>, con la desventaja de que tus familiares pierden el v\u00ednculo social y familiar que han mantenido hasta el momento y que deben <strong>abandonar su casa <\/strong>para enfrentarse a una situaci\u00f3n completamente nueva. Un cambio radical que <strong>la mayor\u00eda de las personas mayores no est\u00e1n dispuestas a asumir,<\/strong> mucho menos durante la pandemia. <br><br><\/li><li>Coordinar los horarios de asistencia a <strong>centros de d\u00eda<\/strong>  para que, al menos durante las horas laborales, tu familiar se  encuentre en un ambiente seguro y estimulante, pudiendo regresar a casa  al t\u00e9rmino de la jornada. Aunque puede ser una soluci\u00f3n viable, sobre  todo con personas que gozan de cierta autonom\u00eda, el problema es que con  la situaci\u00f3n sanitaria actual muchos de estos <strong>centros se encuentran cerrados, temporal o permanentemente.<\/strong><br><br><\/li><li><strong>Cuidadores profesionales a domicilio:<\/strong>  es sin duda la alternativa m\u00e1s flexible y la m\u00e1s eficiente tanto en  personas aut\u00f3nomas como en aquellas con un alto grado de dependencia. En  <strong><a href=\"https:\/\/www.sehogarelsalvador.com\/\">SEHOGAR<\/a><\/strong> ofrecemos un servicio de asistencia domiciliaria 100% personalizado, con <strong>modalidades de contrataci\u00f3n que se ajustan a los horarios y a las necesidades de cada familia.<\/strong><\/li><\/ul>\n\n\n\n<figure class=\"wp-block-image\"><a href=\"http:\/\/www.sehogarelsalvador.com\/\" target=\"_blank\" rel=\"noreferrer noopener\"><img loading=\"lazy\" decoding=\"async\" width=\"760\" height=\"65\" src=\"https:\/\/www.sehogarelsalvador.com\/blog\/wp-content\/uploads\/2019\/08\/NUESTROS-SERVICIOS.png\" alt=\"\" class=\"wp-image-338\" srcset=\"https:\/\/www.sehogarelsalvador.com\/blog\/wp-content\/uploads\/2019\/08\/NUESTROS-SERVICIOS.png 760w, https:\/\/www.sehogarelsalvador.com\/blog\/wp-content\/uploads\/2019\/08\/NUESTROS-SERVICIOS-300x26.png 300w, https:\/\/www.sehogarelsalvador.com\/blog\/wp-content\/uploads\/2019\/08\/NUESTROS-SERVICIOS-750x65.png 750w\" sizes=\"auto, (max-width: 760px) 100vw, 760px\" \/><\/a><\/figure>\n\n\n\n<h2 class=\"wp-block-heading\">\u00bfQu\u00e9 consideraciones debo tomar en cuenta antes de tomar una decisi\u00f3n?<\/h2>\n\n\n\n<p>Tarde o temprano siempre hay que dar el paso y elegir entre \nconvertirse en cuidador o cuidadora a tiempo completo o buscar otras \nalternativas. Se trata de un tema tan delicado que no se puede decir que\n existan soluciones mejores o peores, ya que la idoneidad de una \nsoluci\u00f3n depende de las <strong>circunstancias particulares de cada familia<\/strong>. <\/p>\n\n\n\n<p>Con todo, antes de decidirte por alguna de las alternativas que te hemos comentado, deber\u00edas <strong>reunirte con el resto de familiares implicados<\/strong> para llegar a una soluci\u00f3n consensuada en la que, por supuesto, las <strong>preferencias de los padres<\/strong> sean tomadas en cuenta. <\/p>\n\n\n\n<p>Algunas consideraciones previas que te pueden ayudar a tomar esta importante decisi\u00f3n son:<\/p>\n\n\n\n<ul class=\"wp-block-list\"><li>El <strong>estado de salud<\/strong> general en el que se encuentran tus padres mayores.<br><\/li><li>Su <strong>nivel de independencia<\/strong> y autonom\u00eda.<br><\/li><li>Las <strong>preferencias del mayor<\/strong> (envejecer en casa, trasladarse a casa de los hijos, vivir en una residencia con otras personas de su edad\u2026)<br><\/li><li>La <strong>implicaci\u00f3n del resto de la familia<\/strong> (\u00bfestar\u00e1s solo en el cuidado de tus padres o contar\u00e1s con el respaldo de otras personas?)<br><\/li><li>Las <strong>condiciones econ\u00f3micas<\/strong> y el gasto que se puede asumir.<br><\/li><li>La<strong> opini\u00f3n de los familiares.<\/strong><br><\/li><li>La posibilidad de asumir esta responsabilidad de <strong>manera temporal, parcial&nbsp;o&nbsp;permanente.<\/strong><br><\/li><\/ul>\n\n\n\n<p>Si es necesario hacer una valoraci\u00f3n previa de todas estas circunstancias es porque el <strong>cuidado de personas mayores a largo plazo es una gran responsabilidad<\/strong>.\n No obstante, algo tan natural como hacerse cargo del cuidado de \nnuestros padres mayores no tiene por qu\u00e9 suponer un cambio negativo en \nel \u00e1mbito laboral, familiar o personal.<\/p>\n\n\n\n<p>En la actualidad <strong>existen muchas alternativas para afrontar esta situaci\u00f3n <\/strong>desde  una perspectiva que resulte favorable para todas las partes implicadas.  Tanto si deseas hacerte cargo del cuidado de tus padres personalmente  como si optas por un <strong><a href=\"https:\/\/www.sehogarelsalvador.com\/\">servicio de asistencia domiciliaria<\/a><\/strong>,  siempre hay f\u00f3rmulas para que puedas encontrar el equilibrio entre tu  vida personal y tus responsabilidades a cargo de una persona mayor. <\/p>\n","protected":false},"excerpt":{"rendered":"<p>Perder oportunidades profesionales, limitar nuestra productividad en el trabajo, disminuir la jornada laboral o incluso renunciar a un empleo. Convertirse en el cuidador o cuidadora de nuestros padres mayores puede conllevar repercusiones negativas en el \u00e1mbito profesional. Sin embargo, existen otras alternativas para que no tengas que comprometer tu situaci\u00f3n laboral ni el bienestar de <a href=\"https:\/\/www.sehogarelsalvador.com\/blog\/adulto-mayor\/renunciar-al-trabajo-para-el-cuidado-de-nuestros-padres-mayores\/\" rel=\"nofollow\"><span class=\"sr-only\">Leer m\u00e1s\u00bfRenunciar al trabajo para el cuidado de nuestros padres mayores?<\/span>[&hellip;]<\/a><\/p>\n","protected":false},"author":1,"featured_media":432,"comment_status":"open","ping_status":"open","sticky":false,"template":"","format":"standard","meta":{"footnotes":""},"categories":[1,14,3,13],"tags":[297,299,70,300,302,303,301,306,305,307,304,308,310,311,312,313,309,136,298,96,314,315,316],"class_list":["post-431","post","type-post","status-publish","format-standard","has-post-thumbnail","hentry","category-adulto-mayor","category-consejos-y-cuidados","category-enfermeria","category-enfermeria-a-domicilio","tag-acompanamiento","tag-actividades","tag-alzheimer","tag-asistencia-domiciliaria","tag-ayuda-domiciliaria-a-familias","tag-ayuda-familiar","tag-cuidado","tag-cuidado-ninos","tag-cuidado-personas-dependientes","tag-cuidado-personas-mayores","tag-dependientes","tag-estimulacion-cognitiva","tag-fisioterapeutas-a-domicilio","tag-limpieza-a-domicilio","tag-limpieza-de-casa","tag-limpieza-del-hogar","tag-mayores","tag-parkinson","tag-personas-dependientes","tag-personas-mayores","tag-prestaciones-dependientes","tag-psicologo-a-domicilio","tag-servicios-de-limpieza"],"_links":{"self":[{"href":"https:\/\/www.sehogarelsalvador.com\/blog\/wp-json\/wp\/v2\/posts\/431","targetHints":{"allow":["GET"]}}],"collection":[{"href":"https:\/\/www.sehogarelsalvador.com\/blog\/wp-json\/wp\/v2\/posts"}],"about":[{"href":"https:\/\/www.sehogarelsalvador.com\/blog\/wp-json\/wp\/v2\/types\/post"}],"author":[{"embeddable":true,"href":"https:\/\/www.sehogarelsalvador.com\/blog\/wp-json\/wp\/v2\/users\/1"}],"replies":[{"embeddable":true,"href":"https:\/\/www.sehogarelsalvador.com\/blog\/wp-json\/wp\/v2\/comments?post=431"}],"version-history":[{"count":3,"href":"https:\/\/www.sehogarelsalvador.com\/blog\/wp-json\/wp\/v2\/posts\/431\/revisions"}],"predecessor-version":[{"id":435,"href":"https:\/\/www.sehogarelsalvador.com\/blog\/wp-json\/wp\/v2\/posts\/431\/revisions\/435"}],"wp:featuredmedia":[{"embeddable":true,"href":"https:\/\/www.sehogarelsalvador.com\/blog\/wp-json\/wp\/v2\/media\/432"}],"wp:attachment":[{"href":"https:\/\/www.sehogarelsalvador.com\/blog\/wp-json\/wp\/v2\/media?parent=431"}],"wp:term":[{"taxonomy":"category","embeddable":true,"href":"https:\/\/www.sehogarelsalvador.com\/blog\/wp-json\/wp\/v2\/categories?post=431"},{"taxonomy":"post_tag","embeddable":true,"href":"https:\/\/www.sehogarelsalvador.com\/blog\/wp-json\/wp\/v2\/tags?post=431"}],"curies":[{"name":"wp","href":"https:\/\/api.w.org\/{rel}","templated":true}]}}