{"id":522,"date":"2021-05-30T16:11:27","date_gmt":"2021-05-30T16:11:27","guid":{"rendered":"https:\/\/www.sehogarelsalvador.com\/blog\/?p=522"},"modified":"2021-05-30T16:11:29","modified_gmt":"2021-05-30T16:11:29","slug":"que-diferencias-hay-entre-la-demencia-y-el-alzheimer","status":"publish","type":"post","link":"https:\/\/www.sehogarelsalvador.com\/blog\/adulto-mayor\/que-diferencias-hay-entre-la-demencia-y-el-alzheimer\/","title":{"rendered":"\u00bfQu\u00e9 diferencias hay entre la demencia y el Alzheimer?"},"content":{"rendered":"\n<figure class=\"wp-block-image size-large\"><a href=\"https:\/\/www.sehogarelsalvador.com\/blog\/wp-content\/uploads\/2021\/05\/demencia-senil.jpg\"><img loading=\"lazy\" decoding=\"async\" width=\"1000\" height=\"600\" src=\"https:\/\/www.sehogarelsalvador.com\/blog\/wp-content\/uploads\/2021\/05\/demencia-senil.jpg\" alt=\"\" class=\"wp-image-523\" srcset=\"https:\/\/www.sehogarelsalvador.com\/blog\/wp-content\/uploads\/2021\/05\/demencia-senil.jpg 1000w, https:\/\/www.sehogarelsalvador.com\/blog\/wp-content\/uploads\/2021\/05\/demencia-senil-300x180.jpg 300w, https:\/\/www.sehogarelsalvador.com\/blog\/wp-content\/uploads\/2021\/05\/demencia-senil-768x461.jpg 768w\" sizes=\"auto, (max-width: 1000px) 100vw, 1000px\" \/><\/a><\/figure>\n\n\n\n<p>Una de las mayores preocupaciones de ir cumpliendo a\u00f1os es ir cediendo terreno al temido, deterioro de la salud. Con el paso del tiempo, la posibilidad padecer ciertas enfermedades se ven incrementadas. Entre ellas, aquellas patolog\u00edas que inciden directamente en la memoria son las m\u00e1s frecuentes y temidas. Pero, a pesar de ello, siguen existiendo muchas dudas acerca de ellas. En este art\u00edculo se tratar\u00e1 de mostrar las diferencias entre la demencia y el Alzheimer.<\/p>\n\n\n\n<h2 class=\"wp-block-heading\">\u00bfPor qu\u00e9 se pierde la memoria?<\/h2>\n\n\n\n<p>La p\u00e9rdida de memoria en personas de la tercera edad es algo que puede llegar a ser muy frecuente y que viene asociado con el envejecimiento. Tener dificultad para recordar sucesos que acaban de tener lugar, facilidad para olvidar cosas, mostrar desorientaci\u00f3n, etc.<\/p>\n\n\n\n<h2 class=\"wp-block-heading\">\u00bfY qu\u00e9 diferencia al Alzheimer y la demencia?<\/h2>\n\n\n\n<p>Muchos factores pueden ser el desencadenante de esta p\u00e9rdida y no tienen porque ir relacionados a padecer una enfermedad como el Alzheimer o la demencia.<\/p>\n\n\n\n<h3 class=\"wp-block-heading\">\u00bfQu\u00e9 es el Alzheimer?<\/h3>\n\n\n\n<p>Se trata de una enfermedad neurodegenerativa que produce un acusado deterioro cognitivo y puede llegar a provocar trastornos conductuales asociados. Los principales s\u00edntomas son: presentar dificultades para expresarse, cambios de humor y de \u00e1nimo, problemas de orientaci\u00f3n, etc. S\u00edntomas que se van agravando con el paso del tiempo, de manera gradual, y que dificultan el cuidado de las personas mayores.<\/p>\n\n\n\n<h3 class=\"wp-block-heading\">\u00bfQu\u00e9 es la demencia?<\/h3>\n\n\n\n<p>Por otro lado, la demencia es un estado de deterioro cognitivo, no se trata, a diferencia del Alzheimer, de una enfermedad espec\u00edfica. Es un t\u00e9rmino muy amplio que tiene asociados muchos s\u00edntomas (y enfermedades) que afectan, principalmente, a la memoria y al razonamiento. A la perdida de capacidad mental. Si bien es cierto que la vejez es un factor de riesgo para desarrollar este tipo de enfermedades, no es una fase normal del envejecimiento.<\/p>\n\n\n\n<p>Por lo que, a pesar que el Alzheimer es la causa m\u00e1s recurrente de demencia, no tiene porque ser el \u00fanico motivo de padecer algunos de los s\u00edntomas que denotan un deterioro cognitivo.<\/p>\n\n\n\n<div class=\"wp-block-image\"><figure class=\"aligncenter size-large is-resized\"><a href=\"https:\/\/www.sehogarelsalvador.com\/\" target=\"_blank\" rel=\"https:\/\/www.sehogarelsalvador.com\/ noopener\"><img loading=\"lazy\" decoding=\"async\" src=\"https:\/\/www.sehogarelsalvador.com\/blog\/wp-content\/uploads\/2019\/08\/CONTACTATE-CON-NOSOTROS-1-1024x71.png\" alt=\"\" class=\"wp-image-344\" width=\"512\" height=\"36\" srcset=\"https:\/\/www.sehogarelsalvador.com\/blog\/wp-content\/uploads\/2019\/08\/CONTACTATE-CON-NOSOTROS-1-1024x71.png 1024w, https:\/\/www.sehogarelsalvador.com\/blog\/wp-content\/uploads\/2019\/08\/CONTACTATE-CON-NOSOTROS-1-300x21.png 300w, https:\/\/www.sehogarelsalvador.com\/blog\/wp-content\/uploads\/2019\/08\/CONTACTATE-CON-NOSOTROS-1-768x53.png 768w, https:\/\/www.sehogarelsalvador.com\/blog\/wp-content\/uploads\/2019\/08\/CONTACTATE-CON-NOSOTROS-1.png 1178w\" sizes=\"auto, (max-width: 512px) 100vw, 512px\" \/><\/a><\/figure><\/div>\n\n\n\n<h2 class=\"wp-block-heading\">Una vejez especial, un cuidado diferente<\/h2>\n\n\n\n<p>La memoria es uno de los bienes m\u00e1s preciados que se pueden poseer. Herencia directa de todas las vivencias y f\u00e1brica de recuerdos que pueden llevarte a los momentos m\u00e1s determinantes de una vida. Es por esto que estas enfermedades, que inciden directamente en esta funci\u00f3n, son realmente crueles. Y, como consecuencia, el cuidado a estas personas debe adaptarse a esta realidad.<\/p>\n\n\n\n<p>El cuidado de mayores que padecen Alzheimer\u00a0o cualquier otra enfermedad, debe llevarse a cabo de forma mucho m\u00e1s espec\u00edfica para mejorar su calidad de vida y fomentar una rutina beneficiosa para \u00e9l. La p\u00e9rdida autonom\u00eda, asociada a este tipo de patolog\u00edas, debe verse complementada con un apoyo mayor por parte del cuidador, no solo f\u00edsico, tambi\u00e9n afectivo.<\/p>\n\n\n\n<p>A pesar de las diferencias entre el Alzheimer y la demencia, es preciso recurrir, siempre que sea posible, a un\u00a0servicio de cuidadora interna\u00a0si se padecen los s\u00edntomas relacionados con el deterioro cognitivo. Tener un apoyo total y constante a manos de personas cualificadas y con experiencia, en casa (sin necesidad de cambiar de lugar y ambiente), puede ser la diferencia. Luchar contra el olvido es muy dif\u00edcil, no lo hagas solo.<\/p>\n\n\n\n<div class=\"wp-block-image\"><figure class=\"aligncenter size-large is-resized\"><a href=\"https:\/\/www.sehogarelsalvador.com\/\" target=\"_blank\" rel=\"noopener\"><img loading=\"lazy\" decoding=\"async\" src=\"https:\/\/www.sehogarelsalvador.com\/blog\/wp-content\/uploads\/2020\/12\/PROMO-MAYO2020-1024x508.png\" alt=\"\" class=\"wp-image-465\" width=\"512\" height=\"254\" srcset=\"https:\/\/www.sehogarelsalvador.com\/blog\/wp-content\/uploads\/2020\/12\/PROMO-MAYO2020-1024x508.png 1024w, https:\/\/www.sehogarelsalvador.com\/blog\/wp-content\/uploads\/2020\/12\/PROMO-MAYO2020-300x149.png 300w, https:\/\/www.sehogarelsalvador.com\/blog\/wp-content\/uploads\/2020\/12\/PROMO-MAYO2020-768x381.png 768w, https:\/\/www.sehogarelsalvador.com\/blog\/wp-content\/uploads\/2020\/12\/PROMO-MAYO2020.png 1150w\" sizes=\"auto, (max-width: 512px) 100vw, 512px\" \/><\/a><\/figure><\/div>\n","protected":false},"excerpt":{"rendered":"<p>Una de las mayores preocupaciones de ir cumpliendo a\u00f1os es ir cediendo terreno al temido, deterioro de la salud. Con el paso del tiempo, la posibilidad padecer ciertas enfermedades se ven incrementadas. Entre ellas, aquellas patolog\u00edas que inciden directamente en la memoria son las m\u00e1s frecuentes y temidas. Pero, a pesar de ello, siguen existiendo <a href=\"https:\/\/www.sehogarelsalvador.com\/blog\/adulto-mayor\/que-diferencias-hay-entre-la-demencia-y-el-alzheimer\/\" rel=\"nofollow\"><span class=\"sr-only\">Leer m\u00e1s\u00bfQu\u00e9 diferencias hay entre la demencia y el Alzheimer?<\/span>[&hellip;]<\/a><\/p>\n","protected":false},"author":1,"featured_media":524,"comment_status":"open","ping_status":"open","sticky":false,"template":"","format":"standard","meta":{"footnotes":""},"categories":[1,14,3],"tags":[],"class_list":["post-522","post","type-post","status-publish","format-standard","has-post-thumbnail","hentry","category-adulto-mayor","category-consejos-y-cuidados","category-enfermeria"],"_links":{"self":[{"href":"https:\/\/www.sehogarelsalvador.com\/blog\/wp-json\/wp\/v2\/posts\/522","targetHints":{"allow":["GET"]}}],"collection":[{"href":"https:\/\/www.sehogarelsalvador.com\/blog\/wp-json\/wp\/v2\/posts"}],"about":[{"href":"https:\/\/www.sehogarelsalvador.com\/blog\/wp-json\/wp\/v2\/types\/post"}],"author":[{"embeddable":true,"href":"https:\/\/www.sehogarelsalvador.com\/blog\/wp-json\/wp\/v2\/users\/1"}],"replies":[{"embeddable":true,"href":"https:\/\/www.sehogarelsalvador.com\/blog\/wp-json\/wp\/v2\/comments?post=522"}],"version-history":[{"count":1,"href":"https:\/\/www.sehogarelsalvador.com\/blog\/wp-json\/wp\/v2\/posts\/522\/revisions"}],"predecessor-version":[{"id":525,"href":"https:\/\/www.sehogarelsalvador.com\/blog\/wp-json\/wp\/v2\/posts\/522\/revisions\/525"}],"wp:featuredmedia":[{"embeddable":true,"href":"https:\/\/www.sehogarelsalvador.com\/blog\/wp-json\/wp\/v2\/media\/524"}],"wp:attachment":[{"href":"https:\/\/www.sehogarelsalvador.com\/blog\/wp-json\/wp\/v2\/media?parent=522"}],"wp:term":[{"taxonomy":"category","embeddable":true,"href":"https:\/\/www.sehogarelsalvador.com\/blog\/wp-json\/wp\/v2\/categories?post=522"},{"taxonomy":"post_tag","embeddable":true,"href":"https:\/\/www.sehogarelsalvador.com\/blog\/wp-json\/wp\/v2\/tags?post=522"}],"curies":[{"name":"wp","href":"https:\/\/api.w.org\/{rel}","templated":true}]}}