{"id":98,"date":"2018-11-25T03:20:43","date_gmt":"2018-11-25T03:20:43","guid":{"rendered":"http:\/\/www.sehogarelsalvador.com\/blog\/?p=98"},"modified":"2018-11-27T03:36:03","modified_gmt":"2018-11-27T03:36:03","slug":"98","status":"publish","type":"post","link":"https:\/\/www.sehogarelsalvador.com\/blog\/consejos-y-cuidados\/98\/","title":{"rendered":"Causas de la alteraci\u00f3n del sue\u00f1o en personas mayores"},"content":{"rendered":"<p><a href=\"https:\/\/www.sehogarelsalvador.com\/blog\/wp-content\/uploads\/2018\/11\/insonmio-en-personas-mayores-1-864x450.jpg\"><img loading=\"lazy\" decoding=\"async\" class=\"size-full wp-image-99 aligncenter\" src=\"https:\/\/www.sehogarelsalvador.com\/blog\/wp-content\/uploads\/2018\/11\/insonmio-en-personas-mayores-1-864x450.jpg\" alt=\"\" width=\"864\" height=\"450\" srcset=\"https:\/\/www.sehogarelsalvador.com\/blog\/wp-content\/uploads\/2018\/11\/insonmio-en-personas-mayores-1-864x450.jpg 864w, https:\/\/www.sehogarelsalvador.com\/blog\/wp-content\/uploads\/2018\/11\/insonmio-en-personas-mayores-1-864x450-300x156.jpg 300w, https:\/\/www.sehogarelsalvador.com\/blog\/wp-content\/uploads\/2018\/11\/insonmio-en-personas-mayores-1-864x450-768x400.jpg 768w\" sizes=\"auto, (max-width: 864px) 100vw, 864px\" \/><\/a><\/p>\n<div class=\"vc_row wpb_row vc_row-fluid vc_row-o-equal-height vc_row-o-content-middle vc_row-flex\">\n<div class=\"wpb_column vc_column_container vc_col-sm-8\">\n<div class=\"vc_column-inner \">\n<div class=\"wpb_wrapper\">\n<div class=\"wpb_text_column wpb_content_element \">\n<div class=\"wpb_wrapper\">\n<h2><strong><em>Una lucha por el descanso<\/em><\/strong><\/h2>\n<p>M\u00e1s del 50 % de las personas en la tercera edad sufren alg\u00fan trastorno del sue\u00f1o. Y por eso es una de las quejas m\u00e1s comunes de este colectivo. La falta de sue\u00f1o puede ser causada por una incapacidad para iniciar o para mantener el sue\u00f1o durante per\u00edodos prolongados de tiempo. La vigilia frecuente es la forma m\u00e1s com\u00fan de insomnio entre los ancianos.<\/p>\n<\/div>\n<\/div>\n<\/div>\n<\/div>\n<\/div>\n<\/div>\n<div class=\"vc_row wpb_row vc_row-fluid\">\n<div class=\"wpb_column vc_column_container vc_col-sm-12\">\n<div class=\"vc_column-inner \">\n<div class=\"wpb_wrapper\">\n<div class=\"wpb_text_column wpb_content_element \">\n<div class=\"wpb_wrapper\">\n<p>Los adultos mayores necesitan, por lo general, menos horas de sue\u00f1o nocturno. Lo compensan con el descanso diurno o las siestas que habitualmente se echan despu\u00e9s de comer. Y las cabezaditas mientras est\u00e1n viendo la tele tambi\u00e9n contribuyen a reparar la falta de sue\u00f1o durante la noche. Debido a todos estos factores, las personas mayores deben tener a\u00fan m\u00e1s cuidado con su higiene del sue\u00f1o si quieren evitar el insomnio.<\/p>\n<p>El insomnio tambi\u00e9n puede ser causado por otra gran cantidad de factores. Sin una enfermedad \/ condici\u00f3n espec\u00edfica, el insomnio puede ser el resultado de varias cosas que ocurren al mismo tiempo. A continuaci\u00f3n, te contamos una lista de las causas comunes del insomnio en las personas mayores:<\/p>\n<p>\u2022 Cafe\u00edna<br \/>\n\u2022 Depresi\u00f3n<br \/>\n\u2022 P\u00edldoras de dieta<br \/>\n\u2022 Ansiedad<br \/>\n\u2022 Nicotina<br \/>\n\u2022 Pensar intensamente a la hora de dormir \/ preocuparse<br \/>\n\u2022 Medicamentos recetados: consulta a tu m\u00e9dico para obtener m\u00e1s detalles<br \/>\n\u2022 Comer o hacer ejercicio antes de acostarse.<br \/>\n\u2022 Dolor agudo \/ cr\u00f3nico<br \/>\n\u2022 Ruido<br \/>\n\u2022 Drogas \/ Alcohol<br \/>\n\u2022 Siestas durante el d\u00eda<br \/>\n\u2022 Trastornos neurol\u00f3gicos (Parkinson, Alzheimer, etc.)<br \/>\n\u2022 Estr\u00e9s del d\u00eda a d\u00eda<\/p>\n<p>Sin un descanso adecuado, el cuerpo se desgasta tremendamente. La curaci\u00f3n disminuye y se vuelve menos efectiva, el envejecimiento (a nivel celular y tambi\u00e9n la apariencia f\u00edsica) se acelera y un individuo se vuelve irritable hacia los extra\u00f1os y los seres queridos.<\/p>\n<p>Es bastante evidente que el insomnio puede ser causado por una amplia gama de factores de los mencionados anteriormente. La clave es minimizar o eliminar ciertos factores que puedes controlar t\u00fa mismo. Las actividades como el consumo de alimentos \/ cafe\u00edna y el ejercicio no deben realizarse antes de acostarse. Esto debe hacerse por lo menos 2-3 horas antes de irse a la cama.<\/p>\n<p>La depresi\u00f3n, la ansiedad y el estr\u00e9s son quiz\u00e1s m\u00e1s frecuentes en las personas mayores. Es muy importante abordar estas emociones lo antes posible. Las herramientas no medicinales para combatir tales emociones son el yoga, el tai chi, el masaje, la acupuntura y la meditaci\u00f3n, entre otras.<\/p>\n<p>La soledad es el factor m\u00e1s determinante a la hora del insomnio en la tercera edad. La falta de actividades sociales es una de las principales causas de depresi\u00f3n en\u00a0los adultos mayores y, por lo tanto, una causa tambi\u00e9n de insomnio. Adem\u00e1s, el aislamiento social en personas mayores puede conducir a riesgos de salud peligrosos y a una peor calidad de vida.<\/p>\n<p>Dormir es la f\u00f3rmula anti-envejecimiento m\u00e1s rentable y un m\u00e9todo viable para combatir el dolor cr\u00f3nico. Recuerda, el sue\u00f1o es el momento\u00a0que nuestro cuerpo se toma para descansar, recuperarse y reponerse.<\/p>\n<p>&nbsp;<\/p>\n<\/div>\n<\/div>\n<\/div>\n<\/div>\n<\/div>\n<\/div>\n","protected":false},"excerpt":{"rendered":"<p>Una lucha por el descanso M\u00e1s del 50 % de las personas en la tercera edad sufren alg\u00fan trastorno del sue\u00f1o. Y por eso es una de las quejas m\u00e1s comunes de este colectivo. La falta de sue\u00f1o puede ser causada por una incapacidad para iniciar o para mantener el sue\u00f1o durante per\u00edodos prolongados de <a href=\"https:\/\/www.sehogarelsalvador.com\/blog\/consejos-y-cuidados\/98\/\" rel=\"nofollow\"><span class=\"sr-only\">Leer m\u00e1sCausas de la alteraci\u00f3n del sue\u00f1o en personas mayores<\/span>[&hellip;]<\/a><\/p>\n","protected":false},"author":1,"featured_media":99,"comment_status":"open","ping_status":"open","sticky":false,"template":"","format":"standard","meta":{"footnotes":""},"categories":[14],"tags":[70,6,12,8,9,29,27,68,69],"class_list":["post-98","post","type-post","status-publish","format-standard","has-post-thumbnail","hentry","category-consejos-y-cuidados","tag-alzheimer","tag-asesor-geriatrico","tag-atencion-del-adulto-mayor","tag-cuidado-a-domicilio","tag-cuidado-de-ancianos","tag-el-sedentarismo","tag-enfermeria-a-domicilio-en-el-salvador","tag-personas-en-la-tercera-edad","tag-siestas-durante-el-dia--trastornos-neurologicos-parkinson"],"_links":{"self":[{"href":"https:\/\/www.sehogarelsalvador.com\/blog\/wp-json\/wp\/v2\/posts\/98","targetHints":{"allow":["GET"]}}],"collection":[{"href":"https:\/\/www.sehogarelsalvador.com\/blog\/wp-json\/wp\/v2\/posts"}],"about":[{"href":"https:\/\/www.sehogarelsalvador.com\/blog\/wp-json\/wp\/v2\/types\/post"}],"author":[{"embeddable":true,"href":"https:\/\/www.sehogarelsalvador.com\/blog\/wp-json\/wp\/v2\/users\/1"}],"replies":[{"embeddable":true,"href":"https:\/\/www.sehogarelsalvador.com\/blog\/wp-json\/wp\/v2\/comments?post=98"}],"version-history":[{"count":2,"href":"https:\/\/www.sehogarelsalvador.com\/blog\/wp-json\/wp\/v2\/posts\/98\/revisions"}],"predecessor-version":[{"id":107,"href":"https:\/\/www.sehogarelsalvador.com\/blog\/wp-json\/wp\/v2\/posts\/98\/revisions\/107"}],"wp:featuredmedia":[{"embeddable":true,"href":"https:\/\/www.sehogarelsalvador.com\/blog\/wp-json\/wp\/v2\/media\/99"}],"wp:attachment":[{"href":"https:\/\/www.sehogarelsalvador.com\/blog\/wp-json\/wp\/v2\/media?parent=98"}],"wp:term":[{"taxonomy":"category","embeddable":true,"href":"https:\/\/www.sehogarelsalvador.com\/blog\/wp-json\/wp\/v2\/categories?post=98"},{"taxonomy":"post_tag","embeddable":true,"href":"https:\/\/www.sehogarelsalvador.com\/blog\/wp-json\/wp\/v2\/tags?post=98"}],"curies":[{"name":"wp","href":"https:\/\/api.w.org\/{rel}","templated":true}]}}